{"id":231609,"date":"2018-04-17T07:01:30","date_gmt":"2018-04-17T05:01:30","guid":{"rendered":"http:\/\/www.travelreport.se\/?p=231609"},"modified":"2024-02-02T11:41:22","modified_gmt":"2024-02-02T11:41:22","slug":"home-is-the-theme-for-this-years-official-design-initiative-for-sweden-during-milan-design-week","status":"publish","type":"post","link":"https:\/\/www.travelreport.se\/en\/hemma-ar-temat-for-arets-officiella-designsatsning-for-sverige-under-designveckan-i-milano\/","title":{"rendered":"HOME is the theme for this year&#039;s official design initiative for Sweden during design week in Milan."},"content":{"rendered":"<p><figure id=\"attachment_231610\" aria-describedby=\"caption-attachment-231610\" style=\"width: 450px\" class=\"wp-caption alignnone\"><a href=\"http:\/\/www.travelreport.se\/en\/2018\/04\/17\/home-is-the-theme-for-this-years-official-design-initiative-for-sweden-during-milan-design-week\/skarmavbild-2018-04-17-kl-06-58-59\/\" rel=\"attachment wp-att-231610\"><img fetchpriority=\"high\" decoding=\"async\" src=\"https:\/\/www.travelreport.se\/wp-content\/uploads\/2018\/04\/Sk\u00e4rmavbild-2018-04-17-kl.-06.58.59-450x357.png\" alt=\"\" width=\"450\" height=\"357\" class=\"size-medium wp-image-231610\" \/><\/a><figcaption id=\"caption-attachment-231610\" class=\"wp-caption-text\">Photo Anna Blomdahl<\/figcaption><\/figure><br \/>\nWith scenes from Swedish everyday life, creative and egalitarian Swedish design will be showcased in various Swedish rooms in the middle of the vibrant Brera district in Milan. <\/p>\n<p>Behind the initiative is Visit Sweden and several Swedish design actors, companies and tourist regions.<\/p>\n<p>The Swedish lifestyle creates curiosity among foreign travelers, and much of today&#039;s Swedish design is characterized by Swedish everyday life and lifestyle.<\/p>\n<p>That is why Sweden is taking its place in the middle of the Brera fashion and design district during the annual Milan Design Week, an international gathering point for the design world. In a unique venue with staged environments, Swedish design companies are given a platform to show their news to trend-setters and media from all over the world. Together with the design objects in a textile dreamscape, impressions are created in different rooms of an imagined Swedish home \u2013 a hallway, a living room, a bathroom, a kitchen \u2013 where the impression is that someone has just gotten up and gone out. The exhibition opens with a press screening on Monday, April 16.<\/p>\n<p>Visit Sweden, together with Svensk Form, the Swedish Association of Architects, the Swedish Wood and Furniture Companies and the Swedish Fashion Council\/Association of Swedish Fashion Brands, is committed to getting more people to open their eyes to Sweden and want to experience Swedish design on site. The initiative in Milan is a collaboration with around 40 exciting Swedish design companies as well as the Halland Region, the V\u00e4stra G\u00f6taland Region and the Municipality of Ume\u00e5. Increased attention for Sweden will also contribute to increasing Swedish exports of design products.<\/p>\n<p>\u2013 Swedish design is made to be used by everyone, while being both creative and beautiful. It stands out compared to other countries and is another reason for foreign tourists to become curious about Sweden as a travel destination, says Michael Persson Gripkow, Chief Brand and Strategic Marketing Officer at Visit Sweden.<\/p>\n<p>The exhibition HEMMA \u2013 Stories of Home features objects such as the Kolonn screen by Beckman students Klara W Hedengren and Lisa Lindh, the Palais tables for Asplund by Anya Sebton and Eva Lilja L\u00f6wenhielm and the Hoop ceiling lamp by Front for Zero. Cake is showing the recently launched and acclaimed electric motocross bike Kalk. Throughout the week, the exhibition will be shown to influential journalists and trendsetters, buyers and industry representatives from all over the world. Ume\u00e5 School of Design invites you to open conversations about design and architecture. Visit Sweden expects a major impact in the media and thousands of visitors to the exhibition. <\/p>\n<p>\u2013 In Milan it is important to penetrate the flood of design and we are really doing that this year with the overall experience in focus and with the best location in town in trendy Brera. The interest from companies has been very high, says Mats Widbom, CEO of Svensk Form, which together with Visit Sweden is organizing HEMMA.<\/p>\n<p>The feeling of Sweden as a destination is reinforced with food and drink from different parts of the country. Among other things, a tasting of Swedish beer from microbreweries will be arranged. International media will also receive tips on design experiences in Sweden and the geographical origins of the participating companies will be highlighted.<\/p>\n<p>The exhibition has been designed by the interior design studio Joyn Studio.<\/p>\n<p>Visit Sweden has been running the Swedish Design Moves initiative for two years together with Svensk Form, Sveriges Arkitekter, Tr\u00e4- och M\u00f6belf\u00f6retagen and Swedish Fasion Council\/Association of Swedish Fashion Brands on behalf of the government. The visibility for Sweden in Milan is a continuation of the marketing that created attention in Milan, New York, London and Paris as well as in international media in 2017. <\/p>","protected":false},"excerpt":{"rendered":"<p>Med scener ur svenskt vardagsliv kommer kreativ och j\u00e4mlik svensk design att visas upp i olika svenska rum mitt i det sprudlande distriktet Brera i Milano. Bakom satsningen st\u00e5r Visit Sweden och flera svenska designakt\u00f6rer, f\u00f6retag och turistregioner. Den svenska livsstilen skapar nyfikenhet hos utl\u00e4ndska resen\u00e4rer, och mycket av dagens svenska design \u00e4r pr\u00e4glad av [&hellip;]<\/p>\n","protected":false},"author":25,"featured_media":0,"comment_status":"open","ping_status":"open","sticky":false,"template":"","format":"standard","meta":{"_acf_changed":false,"footnotes":""},"categories":[184],"tags":[1878,1879,543,1301],"class_list":["post-231609","post","type-post","status-publish","format-standard","hentry","category-turism","tag-hemma","tag-milano","tag-visit-sweden","tag-visitsweden"],"acf":[],"yoast_head":"<!-- This site is optimized with the Yoast SEO plugin v28.4 - https:\/\/yoast.com\/product\/yoast-seo-wordpress\/ -->\n<title>HEMMA \u00e4r temat f\u00f6r \u00e5rets officiella designsatsning f\u00f6r Sverige under designveckan i Milano. &#8211; Travel Report<\/title>\n<meta name=\"description\" content=\"HEMMA \u00e4r temat f\u00f6r \u00e5rets officiella designsatsning f\u00f6r Sverige under designveckan i Milano. \u2013 L\u00e4s senaste nyheterna fr\u00e5n resebranschen p\u00e5 Travel Report.\" \/>\n<meta name=\"robots\" content=\"index, follow, max-snippet:-1, max-image-preview:large, max-video-preview:-1\" \/>\n<link rel=\"canonical\" href=\"https:\/\/www.travelreport.se\/en\/home-is-the-theme-for-this-years-official-design-initiative-for-sweden-during-milan-design-week\/\" \/>\n<meta property=\"og:locale\" content=\"en_GB\" \/>\n<meta property=\"og:type\" content=\"article\" \/>\n<meta property=\"og:title\" content=\"HEMMA \u00e4r temat f\u00f6r \u00e5rets officiella designsatsning f\u00f6r Sverige under designveckan i Milano. &#8211; Travel Report\" \/>\n<meta property=\"og:description\" content=\"HEMMA \u00e4r temat f\u00f6r \u00e5rets officiella designsatsning f\u00f6r Sverige under designveckan i Milano. \u2013 L\u00e4s senaste nyheterna fr\u00e5n resebranschen p\u00e5 Travel Report.\" \/>\n<meta property=\"og:url\" content=\"https:\/\/www.travelreport.se\/en\/home-is-the-theme-for-this-years-official-design-initiative-for-sweden-during-milan-design-week\/\" \/>\n<meta property=\"og:site_name\" content=\"Travel Report\" \/>\n<meta property=\"article:publisher\" content=\"https:\/\/www.facebook.com\/inrikes\" \/>\n<meta property=\"article:published_time\" content=\"2018-04-17T05:01:30+00:00\" \/>\n<meta property=\"article:modified_time\" content=\"2024-02-02T11:41:22+00:00\" \/>\n<meta property=\"og:image\" content=\"https:\/\/www.travelreport.se\/wp-content\/uploads\/2024\/01\/TravelReport-seo.jpeg\" \/>\n\t<meta property=\"og:image:width\" content=\"1200\" \/>\n\t<meta property=\"og:image:height\" content=\"676\" \/>\n\t<meta property=\"og:image:type\" content=\"image\/jpeg\" \/>\n<meta name=\"author\" content=\"Redaktion\" \/>\n<meta name=\"twitter:card\" content=\"summary_large_image\" \/>\n<meta name=\"twitter:label1\" content=\"Written by\" \/>\n\t<meta name=\"twitter:data1\" content=\"Redaktion\" \/>\n\t<meta name=\"twitter:label2\" content=\"Estimated reading time\" \/>\n\t<meta name=\"twitter:data2\" content=\"3 minutes\" \/>\n<script type=\"application\/ld+json\" class=\"yoast-schema-graph\">{\"@context\":\"https:\\\/\\\/schema.org\",\"@graph\":[{\"@type\":\"Article\",\"@id\":\"https:\\\/\\\/www.travelreport.se\\\/en\\\/home-is-the-theme-for-this-years-official-design-initiative-for-sweden-during-milan-design-week\\\/#article\",\"isPartOf\":{\"@id\":\"https:\\\/\\\/www.travelreport.se\\\/en\\\/home-is-the-theme-for-this-years-official-design-initiative-for-sweden-during-milan-design-week\\\/\"},\"author\":{\"name\":\"Redaktion\",\"@id\":\"https:\\\/\\\/www.travelreport.se\\\/#\\\/schema\\\/person\\\/6dae45163e775712127e85c446984260\"},\"headline\":\"HEMMA \u00e4r temat f\u00f6r \u00e5rets officiella designsatsning f\u00f6r Sverige under designveckan i Milano.\",\"datePublished\":\"2018-04-17T05:01:30+00:00\",\"dateModified\":\"2024-02-02T11:41:22+00:00\",\"mainEntityOfPage\":{\"@id\":\"https:\\\/\\\/www.travelreport.se\\\/en\\\/home-is-the-theme-for-this-years-official-design-initiative-for-sweden-during-milan-design-week\\\/\"},\"wordCount\":642,\"commentCount\":0,\"publisher\":{\"@id\":\"https:\\\/\\\/www.travelreport.se\\\/#organization\"},\"keywords\":[\"hemma\",\"Milano\",\"Visit Sweden\",\"VisitSweden\"],\"articleSection\":[\"Turism\"],\"inLanguage\":\"en-GB\"},{\"@type\":\"WebPage\",\"@id\":\"https:\\\/\\\/www.travelreport.se\\\/en\\\/home-is-the-theme-for-this-years-official-design-initiative-for-sweden-during-milan-design-week\\\/\",\"url\":\"https:\\\/\\\/www.travelreport.se\\\/en\\\/home-is-the-theme-for-this-years-official-design-initiative-for-sweden-during-milan-design-week\\\/\",\"name\":\"HEMMA \u00e4r temat f\u00f6r \u00e5rets officiella designsatsning f\u00f6r Sverige under designveckan i Milano. &#8211; Travel Report\",\"isPartOf\":{\"@id\":\"https:\\\/\\\/www.travelreport.se\\\/#website\"},\"datePublished\":\"2018-04-17T05:01:30+00:00\",\"dateModified\":\"2024-02-02T11:41:22+00:00\",\"description\":\"HEMMA \u00e4r temat f\u00f6r \u00e5rets officiella designsatsning f\u00f6r Sverige under designveckan i Milano. \u2013 L\u00e4s senaste nyheterna fr\u00e5n resebranschen p\u00e5 Travel Report.\",\"inLanguage\":\"en-GB\",\"potentialAction\":[{\"@type\":\"ReadAction\",\"target\":[\"https:\\\/\\\/www.travelreport.se\\\/en\\\/home-is-the-theme-for-this-years-official-design-initiative-for-sweden-during-milan-design-week\\\/\"]}]},{\"@type\":\"WebSite\",\"@id\":\"https:\\\/\\\/www.travelreport.se\\\/#website\",\"url\":\"https:\\\/\\\/www.travelreport.se\\\/\",\"name\":\"Travel Report\",\"description\":\"Senaste nyheterna inom Resebranschen\",\"publisher\":{\"@id\":\"https:\\\/\\\/www.travelreport.se\\\/#organization\"},\"potentialAction\":[{\"@type\":\"SearchAction\",\"target\":{\"@type\":\"EntryPoint\",\"urlTemplate\":\"https:\\\/\\\/www.travelreport.se\\\/?s={search_term_string}\"},\"query-input\":{\"@type\":\"PropertyValueSpecification\",\"valueRequired\":true,\"valueName\":\"search_term_string\"}}],\"inLanguage\":\"en-GB\"},{\"@type\":\"Organization\",\"@id\":\"https:\\\/\\\/www.travelreport.se\\\/#organization\",\"name\":\"Travel Report\",\"url\":\"https:\\\/\\\/www.travelreport.se\\\/\",\"logo\":{\"@type\":\"ImageObject\",\"inLanguage\":\"en-GB\",\"@id\":\"https:\\\/\\\/www.travelreport.se\\\/#\\\/schema\\\/logo\\\/image\\\/\",\"url\":\"https:\\\/\\\/www.travelreport.se\\\/wp-content\\\/uploads\\\/2024\\\/01\\\/TravelReport-seo.jpeg\",\"contentUrl\":\"https:\\\/\\\/www.travelreport.se\\\/wp-content\\\/uploads\\\/2024\\\/01\\\/TravelReport-seo.jpeg\",\"width\":1200,\"height\":676,\"caption\":\"Travel Report\"},\"image\":{\"@id\":\"https:\\\/\\\/www.travelreport.se\\\/#\\\/schema\\\/logo\\\/image\\\/\"},\"sameAs\":[\"https:\\\/\\\/www.facebook.com\\\/inrikes\",\"https:\\\/\\\/www.instagram.com\\\/inrikes_magasin\\\/\"]},{\"@type\":\"Person\",\"@id\":\"https:\\\/\\\/www.travelreport.se\\\/#\\\/schema\\\/person\\\/6dae45163e775712127e85c446984260\",\"name\":\"Redaktion\"}]}<\/script>\n<!-- \/ Yoast SEO plugin. -->","yoast_head_json":{"title":"HOME is the theme for this year&#039;s official design initiative for Sweden during design week in Milan. \u2013 Travel Report","description":"HOME is the theme for this year&#039;s official design initiative for Sweden during Milan Design Week. \u2013 Read the latest news from the travel industry at Travel Report.","robots":{"index":"index","follow":"follow","max-snippet":"max-snippet:-1","max-image-preview":"max-image-preview:large","max-video-preview":"max-video-preview:-1"},"canonical":"https:\/\/www.travelreport.se\/en\/home-is-the-theme-for-this-years-official-design-initiative-for-sweden-during-milan-design-week\/","og_locale":"en_GB","og_type":"article","og_title":"HEMMA \u00e4r temat f\u00f6r \u00e5rets officiella designsatsning f\u00f6r Sverige under designveckan i Milano. &#8211; Travel Report","og_description":"HEMMA \u00e4r temat f\u00f6r \u00e5rets officiella designsatsning f\u00f6r Sverige under designveckan i Milano. \u2013 L\u00e4s senaste nyheterna fr\u00e5n resebranschen p\u00e5 Travel Report.","og_url":"https:\/\/www.travelreport.se\/en\/home-is-the-theme-for-this-years-official-design-initiative-for-sweden-during-milan-design-week\/","og_site_name":"Travel Report","article_publisher":"https:\/\/www.facebook.com\/inrikes","article_published_time":"2018-04-17T05:01:30+00:00","article_modified_time":"2024-02-02T11:41:22+00:00","og_image":[{"width":1200,"height":676,"url":"https:\/\/www.travelreport.se\/wp-content\/uploads\/2024\/01\/TravelReport-seo.jpeg","type":"image\/jpeg"}],"author":"Redaktion","twitter_card":"summary_large_image","twitter_misc":{"Written by":"Redaktion","Estimated reading time":"3 minutes"},"schema":{"@context":"https:\/\/schema.org","@graph":[{"@type":"Article","@id":"https:\/\/www.travelreport.se\/en\/home-is-the-theme-for-this-years-official-design-initiative-for-sweden-during-milan-design-week\/#article","isPartOf":{"@id":"https:\/\/www.travelreport.se\/en\/home-is-the-theme-for-this-years-official-design-initiative-for-sweden-during-milan-design-week\/"},"author":{"name":"Redaktion","@id":"https:\/\/www.travelreport.se\/#\/schema\/person\/6dae45163e775712127e85c446984260"},"headline":"HEMMA \u00e4r temat f\u00f6r \u00e5rets officiella designsatsning f\u00f6r Sverige under designveckan i Milano.","datePublished":"2018-04-17T05:01:30+00:00","dateModified":"2024-02-02T11:41:22+00:00","mainEntityOfPage":{"@id":"https:\/\/www.travelreport.se\/en\/home-is-the-theme-for-this-years-official-design-initiative-for-sweden-during-milan-design-week\/"},"wordCount":642,"commentCount":0,"publisher":{"@id":"https:\/\/www.travelreport.se\/#organization"},"keywords":["hemma","Milano","Visit Sweden","VisitSweden"],"articleSection":["Turism"],"inLanguage":"en-GB"},{"@type":"WebPage","@id":"https:\/\/www.travelreport.se\/en\/home-is-the-theme-for-this-years-official-design-initiative-for-sweden-during-milan-design-week\/","url":"https:\/\/www.travelreport.se\/en\/home-is-the-theme-for-this-years-official-design-initiative-for-sweden-during-milan-design-week\/","name":"HOME is the theme for this year&#039;s official design initiative for Sweden during design week in Milan. \u2013 Travel Report","isPartOf":{"@id":"https:\/\/www.travelreport.se\/#website"},"datePublished":"2018-04-17T05:01:30+00:00","dateModified":"2024-02-02T11:41:22+00:00","description":"HOME is the theme for this year&#039;s official design initiative for Sweden during Milan Design Week. \u2013 Read the latest news from the travel industry at Travel Report.","inLanguage":"en-GB","potentialAction":[{"@type":"ReadAction","target":["https:\/\/www.travelreport.se\/en\/home-is-the-theme-for-this-years-official-design-initiative-for-sweden-during-milan-design-week\/"]}]},{"@type":"WebSite","@id":"https:\/\/www.travelreport.se\/#website","url":"https:\/\/www.travelreport.se\/","name":"Travel Report","description":"Latest travel industry news","publisher":{"@id":"https:\/\/www.travelreport.se\/#organization"},"potentialAction":[{"@type":"SearchAction","target":{"@type":"EntryPoint","urlTemplate":"https:\/\/www.travelreport.se\/?s={search_term_string}"},"query-input":{"@type":"PropertyValueSpecification","valueRequired":true,"valueName":"search_term_string"}}],"inLanguage":"en-GB"},{"@type":"Organization","@id":"https:\/\/www.travelreport.se\/#organization","name":"Travel Report","url":"https:\/\/www.travelreport.se\/","logo":{"@type":"ImageObject","inLanguage":"en-GB","@id":"https:\/\/www.travelreport.se\/#\/schema\/logo\/image\/","url":"https:\/\/www.travelreport.se\/wp-content\/uploads\/2024\/01\/TravelReport-seo.jpeg","contentUrl":"https:\/\/www.travelreport.se\/wp-content\/uploads\/2024\/01\/TravelReport-seo.jpeg","width":1200,"height":676,"caption":"Travel Report"},"image":{"@id":"https:\/\/www.travelreport.se\/#\/schema\/logo\/image\/"},"sameAs":["https:\/\/www.facebook.com\/inrikes","https:\/\/www.instagram.com\/inrikes_magasin\/"]},{"@type":"Person","@id":"https:\/\/www.travelreport.se\/#\/schema\/person\/6dae45163e775712127e85c446984260","name":"Editorial department"}]}},"views":409,"_links":{"self":[{"href":"https:\/\/www.travelreport.se\/en\/wp-json\/wp\/v2\/posts\/231609","targetHints":{"allow":["GET"]}}],"collection":[{"href":"https:\/\/www.travelreport.se\/en\/wp-json\/wp\/v2\/posts"}],"about":[{"href":"https:\/\/www.travelreport.se\/en\/wp-json\/wp\/v2\/types\/post"}],"author":[{"embeddable":true,"href":"https:\/\/www.travelreport.se\/en\/wp-json\/wp\/v2\/users\/25"}],"replies":[{"embeddable":true,"href":"https:\/\/www.travelreport.se\/en\/wp-json\/wp\/v2\/comments?post=231609"}],"version-history":[{"count":0,"href":"https:\/\/www.travelreport.se\/en\/wp-json\/wp\/v2\/posts\/231609\/revisions"}],"wp:attachment":[{"href":"https:\/\/www.travelreport.se\/en\/wp-json\/wp\/v2\/media?parent=231609"}],"wp:term":[{"taxonomy":"category","embeddable":true,"href":"https:\/\/www.travelreport.se\/en\/wp-json\/wp\/v2\/categories?post=231609"},{"taxonomy":"post_tag","embeddable":true,"href":"https:\/\/www.travelreport.se\/en\/wp-json\/wp\/v2\/tags?post=231609"}],"curies":[{"name":"wp","href":"https:\/\/api.w.org\/{rel}","templated":true}]}}