{"id":238873,"date":"2021-12-22T07:00:00","date_gmt":"2021-12-22T06:00:00","guid":{"rendered":"https:\/\/www.travelreport.se\/?p=238873"},"modified":"2024-02-02T12:51:25","modified_gmt":"2024-02-02T12:51:25","slug":"eu-court-postpones-flight-to-be-seen-as-set","status":"publish","type":"post","link":"https:\/\/www.travelreport.se\/en\/eu-domstolen-framflyttad-flygresa-ska-ses-som-installd\/","title":{"rendered":"EU Court: Forwarded flight should be considered cancelled"},"content":{"rendered":"<figure class=\"wp-block-image size-full\"><img fetchpriority=\"high\" decoding=\"async\" width=\"450\" height=\"295\" src=\"https:\/\/www.travelreport.se\/wp-content\/uploads\/2015\/06\/flygvinge_1205_2007-e1433824597924.jpg\" alt=\"\" class=\"wp-image-224807\" srcset=\"https:\/\/www.travelreport.se\/wp-content\/uploads\/2015\/06\/flygvinge_1205_2007-e1433824597924.jpg 450w, https:\/\/www.travelreport.se\/wp-content\/uploads\/2015\/06\/flygvinge_1205_2007-e1433824597924-300x197.jpg 300w\" sizes=\"(max-width: 450px) 100vw, 450px\" \/><\/figure>\n\n\n\n<p class=\"wp-block-paragraph\">A flight departure should be considered cancelled if it is moved forward by more than one hour, according to the European Court of Justice. The decision could make it easier for travelers to get compensation for delayed flights.<\/p>\n\n\n\n<p class=\"wp-block-paragraph\">According to the court, such a move could lead to \u201dserious inconvenience to passengers.\u201d.<\/p>\n\n\n\n<p class=\"wp-block-paragraph\">In cases where a flight is moved forward for a longer period of time, there is a right to compensation, and airlines may be required to pay 250 to 600 euros, approximately 2,500 to 6,100 kronor, depending on the length of the flight, according to the court. This applies, for example, when communication about the delayed departure was late.<\/p>\n\n\n\n<p class=\"wp-block-paragraph\">Source: TT<\/p>","protected":false},"excerpt":{"rendered":"<p>En flygavg\u00e5ng ska anses vara inst\u00e4lld om den flyttas fram\u00e5t mer \u00e4n en timme, enligt EU-domstolen. Beslutet kan inneb\u00e4ra att det blir l\u00e4ttare f\u00f6r resen\u00e4rer att f\u00e5 kompensation vid f\u00f6rsenade flygresor. Enligt domstolen kan\u00a0en s\u00e5dan framflyttning leda till \u201dallvarliga ol\u00e4genheter f\u00f6r passagerare\u201d. I fall d\u00e4r en flygning flyttas fram\u00e5t en l\u00e4ngre tid finns r\u00e4tt till [&hellip;]<\/p>\n","protected":false},"author":25,"featured_media":0,"comment_status":"open","ping_status":"open","sticky":false,"template":"","format":"standard","meta":{"_acf_changed":false,"footnotes":""},"categories":[179],"tags":[3630,3631,117],"class_list":["post-238873","post","type-post","status-publish","format-standard","hentry","category-flyg","tag-flygresa","tag-installd","tag-resa"],"acf":[],"yoast_head":"<!-- This site is optimized with the Yoast SEO plugin v28.4 - https:\/\/yoast.com\/product\/yoast-seo-wordpress\/ -->\n<title>EU-domstolen: Framflyttad flygresa ska ses som inst\u00e4lld &#8211; Travel Report<\/title>\n<meta name=\"description\" content=\"EU-domstolen: Framflyttad flygresa ska ses som inst\u00e4lld \u2013 L\u00e4s senaste nyheterna fr\u00e5n resebranschen p\u00e5 Travel Report.\" \/>\n<meta name=\"robots\" content=\"index, follow, max-snippet:-1, max-image-preview:large, max-video-preview:-1\" \/>\n<link rel=\"canonical\" href=\"https:\/\/www.travelreport.se\/en\/eu-court-postpones-flight-to-be-seen-as-set\/\" \/>\n<meta property=\"og:locale\" content=\"en_GB\" \/>\n<meta property=\"og:type\" content=\"article\" \/>\n<meta property=\"og:title\" content=\"EU-domstolen: Framflyttad flygresa ska ses som inst\u00e4lld &#8211; Travel Report\" \/>\n<meta property=\"og:description\" content=\"EU-domstolen: Framflyttad flygresa ska ses som inst\u00e4lld \u2013 L\u00e4s senaste nyheterna fr\u00e5n resebranschen p\u00e5 Travel Report.\" \/>\n<meta property=\"og:url\" content=\"https:\/\/www.travelreport.se\/en\/eu-court-postpones-flight-to-be-seen-as-set\/\" \/>\n<meta property=\"og:site_name\" content=\"Travel Report\" \/>\n<meta property=\"article:publisher\" content=\"https:\/\/www.facebook.com\/inrikes\" \/>\n<meta property=\"article:published_time\" content=\"2021-12-22T06:00:00+00:00\" \/>\n<meta property=\"article:modified_time\" content=\"2024-02-02T12:51:25+00:00\" \/>\n<meta property=\"og:image\" content=\"https:\/\/www.travelreport.se\/wp-content\/uploads\/2015\/06\/flygvinge_1205_2007-e1433824597924.jpg\" \/>\n<meta name=\"author\" content=\"Redaktion\" \/>\n<meta name=\"twitter:card\" content=\"summary_large_image\" \/>\n<meta name=\"twitter:label1\" content=\"Written by\" \/>\n\t<meta name=\"twitter:data1\" content=\"Redaktion\" \/>\n\t<meta name=\"twitter:label2\" content=\"Estimated reading time\" \/>\n\t<meta name=\"twitter:data2\" content=\"1 minute\" \/>\n<script type=\"application\/ld+json\" class=\"yoast-schema-graph\">{\"@context\":\"https:\\\/\\\/schema.org\",\"@graph\":[{\"@type\":\"Article\",\"@id\":\"https:\\\/\\\/www.travelreport.se\\\/eu-domstolen-framflyttad-flygresa-ska-ses-som-installd\\\/#article\",\"isPartOf\":{\"@id\":\"https:\\\/\\\/www.travelreport.se\\\/eu-domstolen-framflyttad-flygresa-ska-ses-som-installd\\\/\"},\"author\":{\"name\":\"Redaktion\",\"@id\":\"https:\\\/\\\/www.travelreport.se\\\/#\\\/schema\\\/person\\\/6dae45163e775712127e85c446984260\"},\"headline\":\"EU-domstolen: Framflyttad flygresa ska ses som inst\u00e4lld\",\"datePublished\":\"2021-12-22T06:00:00+00:00\",\"dateModified\":\"2024-02-02T12:51:25+00:00\",\"mainEntityOfPage\":{\"@id\":\"https:\\\/\\\/www.travelreport.se\\\/eu-domstolen-framflyttad-flygresa-ska-ses-som-installd\\\/\"},\"wordCount\":121,\"commentCount\":0,\"publisher\":{\"@id\":\"https:\\\/\\\/www.travelreport.se\\\/#organization\"},\"image\":{\"@id\":\"https:\\\/\\\/www.travelreport.se\\\/eu-domstolen-framflyttad-flygresa-ska-ses-som-installd\\\/#primaryimage\"},\"thumbnailUrl\":\"https:\\\/\\\/www.travelreport.se\\\/wp-content\\\/uploads\\\/2015\\\/06\\\/flygvinge_1205_2007-e1433824597924.jpg\",\"keywords\":[\"flygresa\",\"inst\u00e4lld\",\"resa\"],\"articleSection\":[\"Flyg\"],\"inLanguage\":\"en-GB\"},{\"@type\":\"WebPage\",\"@id\":\"https:\\\/\\\/www.travelreport.se\\\/eu-domstolen-framflyttad-flygresa-ska-ses-som-installd\\\/\",\"url\":\"https:\\\/\\\/www.travelreport.se\\\/eu-domstolen-framflyttad-flygresa-ska-ses-som-installd\\\/\",\"name\":\"EU-domstolen: Framflyttad flygresa ska ses som inst\u00e4lld &#8211; Travel Report\",\"isPartOf\":{\"@id\":\"https:\\\/\\\/www.travelreport.se\\\/#website\"},\"primaryImageOfPage\":{\"@id\":\"https:\\\/\\\/www.travelreport.se\\\/eu-domstolen-framflyttad-flygresa-ska-ses-som-installd\\\/#primaryimage\"},\"image\":{\"@id\":\"https:\\\/\\\/www.travelreport.se\\\/eu-domstolen-framflyttad-flygresa-ska-ses-som-installd\\\/#primaryimage\"},\"thumbnailUrl\":\"https:\\\/\\\/www.travelreport.se\\\/wp-content\\\/uploads\\\/2015\\\/06\\\/flygvinge_1205_2007-e1433824597924.jpg\",\"datePublished\":\"2021-12-22T06:00:00+00:00\",\"dateModified\":\"2024-02-02T12:51:25+00:00\",\"description\":\"EU-domstolen: Framflyttad flygresa ska ses som inst\u00e4lld \u2013 L\u00e4s senaste nyheterna fr\u00e5n resebranschen p\u00e5 Travel Report.\",\"breadcrumb\":{\"@id\":\"https:\\\/\\\/www.travelreport.se\\\/eu-domstolen-framflyttad-flygresa-ska-ses-som-installd\\\/#breadcrumb\"},\"inLanguage\":\"en-GB\",\"potentialAction\":[{\"@type\":\"ReadAction\",\"target\":[\"https:\\\/\\\/www.travelreport.se\\\/eu-domstolen-framflyttad-flygresa-ska-ses-som-installd\\\/\"]}]},{\"@type\":\"ImageObject\",\"inLanguage\":\"en-GB\",\"@id\":\"https:\\\/\\\/www.travelreport.se\\\/eu-domstolen-framflyttad-flygresa-ska-ses-som-installd\\\/#primaryimage\",\"url\":\"https:\\\/\\\/www.travelreport.se\\\/wp-content\\\/uploads\\\/2015\\\/06\\\/flygvinge_1205_2007-e1433824597924.jpg\",\"contentUrl\":\"https:\\\/\\\/www.travelreport.se\\\/wp-content\\\/uploads\\\/2015\\\/06\\\/flygvinge_1205_2007-e1433824597924.jpg\"},{\"@type\":\"BreadcrumbList\",\"@id\":\"https:\\\/\\\/www.travelreport.se\\\/eu-domstolen-framflyttad-flygresa-ska-ses-som-installd\\\/#breadcrumb\",\"itemListElement\":[{\"@type\":\"ListItem\",\"position\":1,\"name\":\"Flyg\",\"item\":\"https:\\\/\\\/www.travelreport.se\\\/kategori\\\/flyg\\\/\"},{\"@type\":\"ListItem\",\"position\":2,\"name\":\"EU-domstolen: Framflyttad flygresa ska ses som inst\u00e4lld\"}]},{\"@type\":\"WebSite\",\"@id\":\"https:\\\/\\\/www.travelreport.se\\\/#website\",\"url\":\"https:\\\/\\\/www.travelreport.se\\\/\",\"name\":\"Travel Report\",\"description\":\"Senaste nyheterna inom Resebranschen\",\"publisher\":{\"@id\":\"https:\\\/\\\/www.travelreport.se\\\/#organization\"},\"potentialAction\":[{\"@type\":\"SearchAction\",\"target\":{\"@type\":\"EntryPoint\",\"urlTemplate\":\"https:\\\/\\\/www.travelreport.se\\\/?s={search_term_string}\"},\"query-input\":{\"@type\":\"PropertyValueSpecification\",\"valueRequired\":true,\"valueName\":\"search_term_string\"}}],\"inLanguage\":\"en-GB\"},{\"@type\":\"Organization\",\"@id\":\"https:\\\/\\\/www.travelreport.se\\\/#organization\",\"name\":\"Travel Report\",\"url\":\"https:\\\/\\\/www.travelreport.se\\\/\",\"logo\":{\"@type\":\"ImageObject\",\"inLanguage\":\"en-GB\",\"@id\":\"https:\\\/\\\/www.travelreport.se\\\/#\\\/schema\\\/logo\\\/image\\\/\",\"url\":\"https:\\\/\\\/www.travelreport.se\\\/wp-content\\\/uploads\\\/2024\\\/01\\\/TravelReport-seo.jpeg\",\"contentUrl\":\"https:\\\/\\\/www.travelreport.se\\\/wp-content\\\/uploads\\\/2024\\\/01\\\/TravelReport-seo.jpeg\",\"width\":1200,\"height\":676,\"caption\":\"Travel Report\"},\"image\":{\"@id\":\"https:\\\/\\\/www.travelreport.se\\\/#\\\/schema\\\/logo\\\/image\\\/\"},\"sameAs\":[\"https:\\\/\\\/www.facebook.com\\\/inrikes\",\"https:\\\/\\\/www.instagram.com\\\/inrikes_magasin\\\/\"]},{\"@type\":\"Person\",\"@id\":\"https:\\\/\\\/www.travelreport.se\\\/#\\\/schema\\\/person\\\/6dae45163e775712127e85c446984260\",\"name\":\"Redaktion\"}]}<\/script>\n<!-- \/ Yoast SEO plugin. -->","yoast_head_json":{"title":"EU Court: Forwarded flight should be considered cancelled \u2013 Travel Report","description":"EU Court: Rescheduled flight should be considered cancelled \u2013 Read the latest news from the travel industry on Travel Report.","robots":{"index":"index","follow":"follow","max-snippet":"max-snippet:-1","max-image-preview":"max-image-preview:large","max-video-preview":"max-video-preview:-1"},"canonical":"https:\/\/www.travelreport.se\/en\/eu-court-postpones-flight-to-be-seen-as-set\/","og_locale":"en_GB","og_type":"article","og_title":"EU-domstolen: Framflyttad flygresa ska ses som inst\u00e4lld &#8211; Travel Report","og_description":"EU-domstolen: Framflyttad flygresa ska ses som inst\u00e4lld \u2013 L\u00e4s senaste nyheterna fr\u00e5n resebranschen p\u00e5 Travel Report.","og_url":"https:\/\/www.travelreport.se\/en\/eu-court-postpones-flight-to-be-seen-as-set\/","og_site_name":"Travel Report","article_publisher":"https:\/\/www.facebook.com\/inrikes","article_published_time":"2021-12-22T06:00:00+00:00","article_modified_time":"2024-02-02T12:51:25+00:00","og_image":[{"url":"https:\/\/www.travelreport.se\/wp-content\/uploads\/2015\/06\/flygvinge_1205_2007-e1433824597924.jpg","type":"","width":"","height":""}],"author":"Redaktion","twitter_card":"summary_large_image","twitter_misc":{"Written by":"Redaktion","Estimated reading time":"1 minute"},"schema":{"@context":"https:\/\/schema.org","@graph":[{"@type":"Article","@id":"https:\/\/www.travelreport.se\/eu-domstolen-framflyttad-flygresa-ska-ses-som-installd\/#article","isPartOf":{"@id":"https:\/\/www.travelreport.se\/eu-domstolen-framflyttad-flygresa-ska-ses-som-installd\/"},"author":{"name":"Redaktion","@id":"https:\/\/www.travelreport.se\/#\/schema\/person\/6dae45163e775712127e85c446984260"},"headline":"EU-domstolen: Framflyttad flygresa ska ses som inst\u00e4lld","datePublished":"2021-12-22T06:00:00+00:00","dateModified":"2024-02-02T12:51:25+00:00","mainEntityOfPage":{"@id":"https:\/\/www.travelreport.se\/eu-domstolen-framflyttad-flygresa-ska-ses-som-installd\/"},"wordCount":121,"commentCount":0,"publisher":{"@id":"https:\/\/www.travelreport.se\/#organization"},"image":{"@id":"https:\/\/www.travelreport.se\/eu-domstolen-framflyttad-flygresa-ska-ses-som-installd\/#primaryimage"},"thumbnailUrl":"https:\/\/www.travelreport.se\/wp-content\/uploads\/2015\/06\/flygvinge_1205_2007-e1433824597924.jpg","keywords":["flygresa","inst\u00e4lld","resa"],"articleSection":["Flyg"],"inLanguage":"en-GB"},{"@type":"WebPage","@id":"https:\/\/www.travelreport.se\/eu-domstolen-framflyttad-flygresa-ska-ses-som-installd\/","url":"https:\/\/www.travelreport.se\/eu-domstolen-framflyttad-flygresa-ska-ses-som-installd\/","name":"EU Court: Forwarded flight should be considered cancelled \u2013 Travel Report","isPartOf":{"@id":"https:\/\/www.travelreport.se\/#website"},"primaryImageOfPage":{"@id":"https:\/\/www.travelreport.se\/eu-domstolen-framflyttad-flygresa-ska-ses-som-installd\/#primaryimage"},"image":{"@id":"https:\/\/www.travelreport.se\/eu-domstolen-framflyttad-flygresa-ska-ses-som-installd\/#primaryimage"},"thumbnailUrl":"https:\/\/www.travelreport.se\/wp-content\/uploads\/2015\/06\/flygvinge_1205_2007-e1433824597924.jpg","datePublished":"2021-12-22T06:00:00+00:00","dateModified":"2024-02-02T12:51:25+00:00","description":"EU Court: Rescheduled flight should be considered cancelled \u2013 Read the latest news from the travel industry on Travel Report.","breadcrumb":{"@id":"https:\/\/www.travelreport.se\/eu-domstolen-framflyttad-flygresa-ska-ses-som-installd\/#breadcrumb"},"inLanguage":"en-GB","potentialAction":[{"@type":"ReadAction","target":["https:\/\/www.travelreport.se\/eu-domstolen-framflyttad-flygresa-ska-ses-som-installd\/"]}]},{"@type":"ImageObject","inLanguage":"en-GB","@id":"https:\/\/www.travelreport.se\/eu-domstolen-framflyttad-flygresa-ska-ses-som-installd\/#primaryimage","url":"https:\/\/www.travelreport.se\/wp-content\/uploads\/2015\/06\/flygvinge_1205_2007-e1433824597924.jpg","contentUrl":"https:\/\/www.travelreport.se\/wp-content\/uploads\/2015\/06\/flygvinge_1205_2007-e1433824597924.jpg"},{"@type":"BreadcrumbList","@id":"https:\/\/www.travelreport.se\/eu-domstolen-framflyttad-flygresa-ska-ses-som-installd\/#breadcrumb","itemListElement":[{"@type":"ListItem","position":1,"name":"Flyg","item":"https:\/\/www.travelreport.se\/kategori\/flyg\/"},{"@type":"ListItem","position":2,"name":"EU-domstolen: Framflyttad flygresa ska ses som inst\u00e4lld"}]},{"@type":"WebSite","@id":"https:\/\/www.travelreport.se\/#website","url":"https:\/\/www.travelreport.se\/","name":"Travel Report","description":"Latest travel industry news","publisher":{"@id":"https:\/\/www.travelreport.se\/#organization"},"potentialAction":[{"@type":"SearchAction","target":{"@type":"EntryPoint","urlTemplate":"https:\/\/www.travelreport.se\/?s={search_term_string}"},"query-input":{"@type":"PropertyValueSpecification","valueRequired":true,"valueName":"search_term_string"}}],"inLanguage":"en-GB"},{"@type":"Organization","@id":"https:\/\/www.travelreport.se\/#organization","name":"Travel Report","url":"https:\/\/www.travelreport.se\/","logo":{"@type":"ImageObject","inLanguage":"en-GB","@id":"https:\/\/www.travelreport.se\/#\/schema\/logo\/image\/","url":"https:\/\/www.travelreport.se\/wp-content\/uploads\/2024\/01\/TravelReport-seo.jpeg","contentUrl":"https:\/\/www.travelreport.se\/wp-content\/uploads\/2024\/01\/TravelReport-seo.jpeg","width":1200,"height":676,"caption":"Travel Report"},"image":{"@id":"https:\/\/www.travelreport.se\/#\/schema\/logo\/image\/"},"sameAs":["https:\/\/www.facebook.com\/inrikes","https:\/\/www.instagram.com\/inrikes_magasin\/"]},{"@type":"Person","@id":"https:\/\/www.travelreport.se\/#\/schema\/person\/6dae45163e775712127e85c446984260","name":"Editorial department"}]}},"views":290,"_links":{"self":[{"href":"https:\/\/www.travelreport.se\/en\/wp-json\/wp\/v2\/posts\/238873","targetHints":{"allow":["GET"]}}],"collection":[{"href":"https:\/\/www.travelreport.se\/en\/wp-json\/wp\/v2\/posts"}],"about":[{"href":"https:\/\/www.travelreport.se\/en\/wp-json\/wp\/v2\/types\/post"}],"author":[{"embeddable":true,"href":"https:\/\/www.travelreport.se\/en\/wp-json\/wp\/v2\/users\/25"}],"replies":[{"embeddable":true,"href":"https:\/\/www.travelreport.se\/en\/wp-json\/wp\/v2\/comments?post=238873"}],"version-history":[{"count":0,"href":"https:\/\/www.travelreport.se\/en\/wp-json\/wp\/v2\/posts\/238873\/revisions"}],"wp:attachment":[{"href":"https:\/\/www.travelreport.se\/en\/wp-json\/wp\/v2\/media?parent=238873"}],"wp:term":[{"taxonomy":"category","embeddable":true,"href":"https:\/\/www.travelreport.se\/en\/wp-json\/wp\/v2\/categories?post=238873"},{"taxonomy":"post_tag","embeddable":true,"href":"https:\/\/www.travelreport.se\/en\/wp-json\/wp\/v2\/tags?post=238873"}],"curies":[{"name":"wp","href":"https:\/\/api.w.org\/{rel}","templated":true}]}}