{"id":240523,"date":"2023-02-10T07:00:00","date_gmt":"2023-02-10T06:00:00","guid":{"rendered":"https:\/\/www.travelreport.se\/?p=240523"},"modified":"2023-02-10T07:00:00","modified_gmt":"2023-02-10T06:00:00","slug":"skistar-presents-summer-news-new-adventure-arenas-in-the-trysil-and-vemdalen-halls","status":"publish","type":"post","link":"https:\/\/www.travelreport.se\/en\/skistar-presenterar-sommarens-nyheter-nya-aventyrsarenor-i-salen-trysil-och-vemdalen\/","title":{"rendered":"SkiStar presents this summer&#039;s news: new adventure arenas in S\u00e4len, Trysil and Vemdalen"},"content":{"rendered":"<figure class=\"wp-block-image size-large\"><img decoding=\"async\" src=\"https:\/\/www.travelreport.se\/wp-content\/uploads\/2023\/02\/Skarmavbild-2023-02-10-kl.-06.57.30-1024x569.png\" alt=\"\" class=\"wp-image-240524\"\/><figcaption class=\"wp-element-caption\">Photo: Skis<\/figcaption><\/figure>\n\n\n\n<p class=\"wp-block-paragraph\"><strong>The winter season is in full swing, many have booked their stay in the mountains and are adding a week during Easter, while mountain travelers are starting to plan their summer vacation. For the summer, SkiStar continues to invest in experiences for an active vacation for the whole family in the Scandinavian mountain environment. New for this year is that the popular attractions from Stockholm Hammarbybacken are also being introduced in Trysil and S\u00e4len, while Vemdalen is getting its first climbing park and new trails for trail cycling.<\/strong><\/p>\n\n\n\n<p class=\"wp-block-paragraph\">For the summer of 2021, SkiStar made a major investment to tap into the homestay trend and the demand for an active holiday in the mountains all year round, not least in the summer. More news was introduced at SkiStar&#039;s destinations such as the development of trail cycling, lift-borne hiking, climbing parks, camps and new events. After last summer&#039;s innovation of Stockholm Hammarbybacken, the company is bringing the experience and more of the experiences to both S\u00e4len and Trysil this year.&nbsp;<\/p>\n\n\n\n<p class=\"wp-block-paragraph\">&quot;We want to get more people moving and be able to offer an active and relaxing holiday all year round, so that more people can enjoy and have access to the fantastic Scandinavian mountain world even in the summer. We also see from previous years that interest is increasing in the summer to both live well, eat well and feel good on holiday. That is why we are investing heavily in holistic experiences where we offer all of this, not least through our activity hotels and lodges,&quot; says&nbsp;<strong>Stefan Sj\u00f6strand, CEO of SkiStar AB.<\/strong><\/p>\n\n\n\n<p class=\"wp-block-paragraph\"><strong>More news for summer 2023<\/strong><br \/><strong><br \/>SkiStar S\u00e4len:<\/strong><\/p>\n\n\n\n<p class=\"wp-block-paragraph\">On&nbsp;<strong>Valleberget at SkiStar Lodge Lindvallen<\/strong>&nbsp;A brand new adventure arena is being built with lots of new summer activities:<\/p>\n\n\n\n<ul class=\"wp-block-list\">\n<li><strong>SummerSki:&nbsp;<\/strong>summer skiing on artificial grass, A total of 7000 square meters of ski area where you swish down the Anna slope and take the Kr\u00e5kan lift. The artificial grass consists of biologically produced plastic from sugar cane, where the plastic mats themselves are then produced in Sweden. In addition, a Rail Park designed by SkiStars ambassador Jesper Tj\u00e4der will be added. During the summer, ski school will also be offered.<\/li>\n\n\n\n<li><strong>Mountain Coaster:&nbsp;<\/strong>A fun and fast-paced way to get down the mountain in a toboggan run where the track goes both uphill and downhill at a maximum of 40 km\/h, where you can brake and accelerate yourself.<\/li>\n\n\n\n<li><strong>Mountain Tube:&nbsp;<\/strong>Ride down the hill in a rubber ring and choose between different straight and curved courses with turns.<\/li>\n<\/ul>\n\n\n\n<p class=\"wp-block-paragraph\"><strong>SkiStar IGLOO Glamping:&nbsp;<\/strong>a unique and spectacular experience that offers glamping with two igloo-shaped buildings that are secluded and close to nature, but within walking distance to SkiStar Lodge Lindvallen and close to the new adventure arena and all activities in the area.&nbsp;<a href=\"https:\/\/www.skistar.com\/sv\/boende\/stallplatser-och-camping\/igloo\/\" target=\"_blank\" rel=\"noreferrer noopener\">Read more<\/a><\/p>\n\n\n\n<p class=\"wp-block-paragraph\"><strong>Events:&nbsp;<\/strong>There will be two brand new events at SkiStar S\u00e4len this summer: the Livepoddfestivalen on June 2-4 and iChallenge on June 8-11 at Lindvallen. In addition, running courses will be held together with Runacademy. The Nils van der Poel test will return, this time in the summer, July 7-9.<\/p>\n\n\n\n<p class=\"wp-block-paragraph\"><strong>Solar cells:&nbsp;<\/strong>As part of SkiStar&#039;s initiative to produce its own renewable energy, five larger buildings in S\u00e4len will receive solar cells, such as Experium and Wasastugan.<\/p>\n\n\n\n<p class=\"wp-block-paragraph\"><strong>SkiStar Vemdalen:&nbsp;<\/strong><\/p>\n\n\n\n<p class=\"wp-block-paragraph\"><strong><\/strong>On&nbsp;<strong>Vemdal&#039;s shell<\/strong>&nbsp;and in connection with Skalets torg, several new developments are being developed and here SkiStar is making a major investment in climbing parks and trail cycling:<\/p>\n\n\n\n<ul class=\"wp-block-list\">\n<li><strong>Climbing park with zipline:&nbsp;<\/strong>you will find at the top of Skalet Express. You take the lift up to climb the park (you can walk up if you wish). The climbing park consists of seven different courses that are from 1-8 meters high with different levels of difficulty and two ziplines. Pre-booking is done via skistar.com or in the SkiStars app.<\/li>\n\n\n\n<li><strong>Trail cycling:<\/strong>&nbsp;Starting from the Skalet Express peak, two machine-dug trails are being built where you can take yourself down the mountain on fun and easy paths, where you can use your own or a rented mountain bike.<\/li>\n\n\n\n<li>In addition, there will be a training track, so-called&nbsp;<strong>skills area&nbsp;<\/strong>in connection with the trails. There has also been a&nbsp;<strong>pump track&nbsp;<\/strong>in the area.<\/li>\n\n\n\n<li>It will also be possible to book a cycling guide. SkiStarshop at Vemdalsskalets torg will also have a larger selection of bicycles for rent.<\/li>\n<\/ul>\n\n\n\n<p class=\"wp-block-paragraph\"><strong>Accommodation:<\/strong>&nbsp;Hovde Hotel, which SkiStar recently purchased, will be open this summer and all accommodation is available for booking.&nbsp;<a href=\"https:\/\/www.skistar.com\/sv\/\" target=\"_blank\" rel=\"noreferrer noopener\">skistar.com<\/a><\/p>\n\n\n\n<p class=\"wp-block-paragraph\"><strong>SkiStar Trysil:<\/strong><\/p>\n\n\n\n<p class=\"wp-block-paragraph\">At Eventyr, adjacent to Turistsenteret and Radisson Blu Resort, a brand new adventure arena is being built with several new summer activities:<\/p>\n\n\n\n<ul class=\"wp-block-list\">\n<li><strong>Mountain Tube:<\/strong>&nbsp;where you can ride down the hill on a rubber ring on different tracks.<\/li>\n\n\n\n<li><strong>Mountain Coaster:&nbsp;<\/strong>A fast-paced toboggan run takes you down the mountain, suitable for both young and old.<\/li>\n\n\n\n<li><strong>Mountain drifting mini-kart:&nbsp;<\/strong>Electric mini-go carts that you drive on a plastic surface that simulates the feeling of driving on snow. Target group 7-15 years.<\/li>\n\n\n\n<li><strong>Trail cycling for children:<\/strong>&nbsp;In Valleskogen you can explore two new cycle paths (light green) and a specially prepared cycle path for the little ones down by the treadmill in the children&#039;s area.<\/li>\n\n\n\n<li>The adventure arena will also feature more playful activities for children and young people.<\/li>\n<\/ul>\n\n\n\n<p class=\"wp-block-paragraph\"><strong>Lift-based trail cycling<\/strong>&nbsp;which you reach via the Fjellexpressen lift is being further developed with a new, easier cycle path with four arranged stops along the way with activities for families with children.<\/p>\n\n\n\n<p class=\"wp-block-paragraph\"><strong>Accommodation:&nbsp;<\/strong>One news is that Radisson Blu Mountain Resort &amp; Residence will change its name to SkiStar Lodge Trysil on May 1 and will open for the season on June 23. Radisson Blu Resort at Turistsenteret will also be open as usual.<\/p>\n\n\n\n<p class=\"wp-block-paragraph\"><strong>Skiers \u00c5re:<\/strong><\/p>\n\n\n\n<p class=\"wp-block-paragraph\"><strong>\u00c5reskutan 360 view Experience:&nbsp;<\/strong>Enjoy all the views of \u00c5reskutan and now even more easily accessible for more people, as it will be a continuation of the viewpoint at the top of the Cable Car. An approximately 300 meter long loop with decking\/ramps for a panoramic walk is being completed. Accessible for both strollers and wheelchairs, making it easier for children and the elderly to get up and get a nice 360-degree view from the top of \u00c5reskutan.&nbsp;<\/p>\n\n\n\n<p class=\"wp-block-paragraph\"><strong>Trail cycling:&nbsp;<\/strong>Several new and developed trails in both \u00c5<strong>Bike park Downhill&nbsp;<\/strong>or&nbsp;<strong>\u00c5re Bike Park Trail Bj\u00f6rnen<\/strong><\/p>\n\n\n\n<p class=\"wp-block-paragraph\">New lift this summer with&nbsp;<strong>new Star Lift&nbsp;<\/strong>which provides increased capacity, as it is also a completely newly developed bicycle lift, as it is built to be able to take more bicycles than before.&nbsp;<\/p>\n\n\n\n<p class=\"wp-block-paragraph\"><strong>The climbing park in Bj\u00f6rnen<\/strong>&nbsp;a new course and tree climbing will be introduced.<\/p>\n\n\n\n<p class=\"wp-block-paragraph\"><strong>SkiStar Stockholm Hammarbybacken:<\/strong><\/p>\n\n\n\n<p class=\"wp-block-paragraph\"><strong>Vallestigen:&nbsp;<\/strong>A hiking trail that takes you to the top of Hammarbybacken and back down. Along the trail there are several different clever, challenging and fun activities, which are also free.<\/p>\n\n\n\n<p class=\"wp-block-paragraph\"><strong>Ski school&nbsp;<\/strong>will be offered during the summer.<\/p>\n\n\n\n<p class=\"wp-block-paragraph\"><strong>SkiStar Hemsedal:<\/strong><\/p>\n\n\n\n<p class=\"wp-block-paragraph\">For SkiStar, the focus is mainly on rebuilding for the winter when the new&nbsp;<strong>Lodge Express<\/strong>&nbsp;will be in place until the 2023\/24 season. During this period, however,&nbsp;<strong>Hollvin Express<\/strong>&nbsp;to remain open, although there may be limited access to trail cycling during certain periods, e.g. Silverstone. But we are working to ensure that there is as little impact as possible. SkiStarshop Concept Store incl. bike rental remains open.&nbsp;<strong>SkiStar Lodge&nbsp;<\/strong>in Hemsedal is also open during the summer.&nbsp;<\/p>\n\n\n\n<p class=\"wp-block-paragraph\">-With all these news and investments, we are taking another step as the leading holiday operator for Scandinavia all year round. We hope and believe that we will create many memorable mountain experiences for even more guests this summer who want to experience both the joy of movement, relaxation and challenges. With us there is something for everyone, concludes&nbsp;<strong>Lakeshore.<\/strong><\/p>\n\n\n\n<p class=\"wp-block-paragraph\"><strong>More information:<\/strong><br \/><a href=\"https:\/\/www.skistar.com\/sv\/sommar\/nyheter-sommar\/\" target=\"_blank\" rel=\"noreferrer noopener\">Read more about all the summer news at SkiStar<\/a><\/p>\n\n\n\n<p class=\"wp-block-paragraph\">Opening hours and booking: All new activities will be opened for booking shortly. You can already book last year&#039;s news as well as accommodation, camps and events. Several of the new activities in Vemdalen, Trysil and S\u00e4len are planned to open in connection with the Midsummer weekend.\u00a0<a rel=\"noreferrer noopener\" href=\"https:\/\/www.skistar.com\/sv\/sommar\/\" target=\"_blank\">Read more about SkiStar summer<\/a><\/p>\n\n\n\n<p class=\"wp-block-paragraph\">According to the press release.<\/p>","protected":false},"excerpt":{"rendered":"<p>Vinters\u00e4songen \u00e4r i full g\u00e5ng, m\u00e5nga har bokat sin vistelse i fj\u00e4llen och l\u00e4gger till en vecka under p\u00e5sken, samtidigt som fj\u00e4llresen\u00e4rerna b\u00f6rjar planera sommarsemestern. Till sommaren forts\u00e4tter SkiStar investera i upplevelser f\u00f6r en aktiv semester f\u00f6r hela familjen i den skandinaviska fj\u00e4llmilj\u00f6n. Nytt f\u00f6r i \u00e5r \u00e4r att de popul\u00e4ra attraktionerna fr\u00e5n Stockholm Hammarbybacken [&hellip;]<\/p>\n","protected":false},"author":25,"featured_media":0,"comment_status":"open","ping_status":"open","sticky":false,"template":"","format":"standard","meta":{"_acf_changed":false,"footnotes":""},"categories":[184],"tags":[529,215,530,193,531],"class_list":["post-240523","post","type-post","status-publish","format-standard","hentry","category-turism","tag-salen","tag-skistar","tag-trysil","tag-tag-turism","tag-vemdalen"],"acf":[],"yoast_head":"<!-- This site is optimized with the Yoast SEO plugin v28.4 - https:\/\/yoast.com\/product\/yoast-seo-wordpress\/ -->\n<title>SkiStar presenterar sommarens nyheter: nya \u00e4ventyrsarenor i S\u00e4len, Trysil och Vemdalen &#8211; Travel Report<\/title>\n<meta name=\"description\" content=\"SkiStar presenterar sommarens nyheter: nya \u00e4ventyrsarenor i S\u00e4len, Trysil och Vemdalen \u2013 L\u00e4s senaste nyheterna fr\u00e5n resebranschen p\u00e5 Travel Report.\" \/>\n<meta name=\"robots\" content=\"index, follow, max-snippet:-1, max-image-preview:large, max-video-preview:-1\" \/>\n<link rel=\"canonical\" href=\"https:\/\/www.travelreport.se\/en\/skistar-presents-summer-news-new-adventure-arenas-in-the-trysil-and-vemdalen-halls\/\" \/>\n<meta property=\"og:locale\" content=\"en_GB\" \/>\n<meta property=\"og:type\" content=\"article\" \/>\n<meta property=\"og:title\" content=\"SkiStar presenterar sommarens nyheter: nya \u00e4ventyrsarenor i S\u00e4len, Trysil och Vemdalen &#8211; Travel Report\" \/>\n<meta property=\"og:description\" content=\"SkiStar presenterar sommarens nyheter: nya \u00e4ventyrsarenor i S\u00e4len, Trysil och Vemdalen \u2013 L\u00e4s senaste nyheterna fr\u00e5n resebranschen p\u00e5 Travel Report.\" \/>\n<meta property=\"og:url\" content=\"https:\/\/www.travelreport.se\/en\/skistar-presents-summer-news-new-adventure-arenas-in-the-trysil-and-vemdalen-halls\/\" \/>\n<meta property=\"og:site_name\" content=\"Travel Report\" \/>\n<meta property=\"article:publisher\" content=\"https:\/\/www.facebook.com\/inrikes\" \/>\n<meta property=\"article:published_time\" content=\"2023-02-10T06:00:00+00:00\" \/>\n<meta property=\"og:image\" content=\"https:\/\/www.travelreport.se\/wp-content\/uploads\/2023\/02\/Skarmavbild-2023-02-10-kl.-06.57.30-1024x569.png\" \/>\n<meta name=\"author\" content=\"Redaktion\" \/>\n<meta name=\"twitter:card\" content=\"summary_large_image\" \/>\n<meta name=\"twitter:label1\" content=\"Written by\" \/>\n\t<meta name=\"twitter:data1\" content=\"Redaktion\" \/>\n\t<meta name=\"twitter:label2\" content=\"Estimated reading time\" \/>\n\t<meta name=\"twitter:data2\" content=\"7 minutes\" \/>\n<script type=\"application\/ld+json\" class=\"yoast-schema-graph\">{\"@context\":\"https:\\\/\\\/schema.org\",\"@graph\":[{\"@type\":\"Article\",\"@id\":\"https:\\\/\\\/travelreport.dk\\\/skistar-praesenterer-sommernyheder-nye-eventyrarenaer-i-trysil-og-vemdalen-hallerne\\\/#article\",\"isPartOf\":{\"@id\":\"https:\\\/\\\/travelreport.dk\\\/skistar-praesenterer-sommernyheder-nye-eventyrarenaer-i-trysil-og-vemdalen-hallerne\\\/\"},\"author\":{\"name\":\"Redaktion\",\"@id\":\"https:\\\/\\\/www.travelreport.se\\\/#\\\/schema\\\/person\\\/6dae45163e775712127e85c446984260\"},\"headline\":\"SkiStar presenterar sommarens nyheter: nya \u00e4ventyrsarenor i S\u00e4len, Trysil och Vemdalen\",\"datePublished\":\"2023-02-10T06:00:00+00:00\",\"mainEntityOfPage\":{\"@id\":\"https:\\\/\\\/travelreport.dk\\\/skistar-praesenterer-sommernyheder-nye-eventyrarenaer-i-trysil-og-vemdalen-hallerne\\\/\"},\"wordCount\":1413,\"commentCount\":0,\"publisher\":{\"@id\":\"https:\\\/\\\/www.travelreport.se\\\/#organization\"},\"image\":{\"@id\":\"https:\\\/\\\/travelreport.dk\\\/skistar-praesenterer-sommernyheder-nye-eventyrarenaer-i-trysil-og-vemdalen-hallerne\\\/#primaryimage\"},\"thumbnailUrl\":\"https:\\\/\\\/www.travelreport.se\\\/wp-content\\\/uploads\\\/2023\\\/02\\\/Skarmavbild-2023-02-10-kl.-06.57.30-1024x569.png\",\"keywords\":[\"S\u00e4len\",\"Skistar\",\"Trysil\",\"Turism\",\"Vemdalen\"],\"articleSection\":[\"Turism\"],\"inLanguage\":\"en-GB\"},{\"@type\":\"WebPage\",\"@id\":\"https:\\\/\\\/travelreport.dk\\\/skistar-praesenterer-sommernyheder-nye-eventyrarenaer-i-trysil-og-vemdalen-hallerne\\\/\",\"url\":\"https:\\\/\\\/travelreport.dk\\\/skistar-praesenterer-sommernyheder-nye-eventyrarenaer-i-trysil-og-vemdalen-hallerne\\\/\",\"name\":\"SkiStar presenterar sommarens nyheter: nya \u00e4ventyrsarenor i S\u00e4len, Trysil och Vemdalen &#8211; Travel Report\",\"isPartOf\":{\"@id\":\"https:\\\/\\\/www.travelreport.se\\\/#website\"},\"primaryImageOfPage\":{\"@id\":\"https:\\\/\\\/travelreport.dk\\\/skistar-praesenterer-sommernyheder-nye-eventyrarenaer-i-trysil-og-vemdalen-hallerne\\\/#primaryimage\"},\"image\":{\"@id\":\"https:\\\/\\\/travelreport.dk\\\/skistar-praesenterer-sommernyheder-nye-eventyrarenaer-i-trysil-og-vemdalen-hallerne\\\/#primaryimage\"},\"thumbnailUrl\":\"https:\\\/\\\/www.travelreport.se\\\/wp-content\\\/uploads\\\/2023\\\/02\\\/Skarmavbild-2023-02-10-kl.-06.57.30-1024x569.png\",\"datePublished\":\"2023-02-10T06:00:00+00:00\",\"description\":\"SkiStar presenterar sommarens nyheter: nya \u00e4ventyrsarenor i S\u00e4len, Trysil och Vemdalen \u2013 L\u00e4s senaste nyheterna fr\u00e5n resebranschen p\u00e5 Travel Report.\",\"inLanguage\":\"en-GB\",\"potentialAction\":[{\"@type\":\"ReadAction\",\"target\":[\"https:\\\/\\\/travelreport.dk\\\/skistar-praesenterer-sommernyheder-nye-eventyrarenaer-i-trysil-og-vemdalen-hallerne\\\/\"]}]},{\"@type\":\"ImageObject\",\"inLanguage\":\"en-GB\",\"@id\":\"https:\\\/\\\/travelreport.dk\\\/skistar-praesenterer-sommernyheder-nye-eventyrarenaer-i-trysil-og-vemdalen-hallerne\\\/#primaryimage\",\"url\":\"https:\\\/\\\/www.travelreport.se\\\/wp-content\\\/uploads\\\/2023\\\/02\\\/Skarmavbild-2023-02-10-kl.-06.57.30-1024x569.png\",\"contentUrl\":\"https:\\\/\\\/www.travelreport.se\\\/wp-content\\\/uploads\\\/2023\\\/02\\\/Skarmavbild-2023-02-10-kl.-06.57.30-1024x569.png\"},{\"@type\":\"WebSite\",\"@id\":\"https:\\\/\\\/www.travelreport.se\\\/#website\",\"url\":\"https:\\\/\\\/www.travelreport.se\\\/\",\"name\":\"Travel Report\",\"description\":\"Senaste nyheterna inom Resebranschen\",\"publisher\":{\"@id\":\"https:\\\/\\\/www.travelreport.se\\\/#organization\"},\"potentialAction\":[{\"@type\":\"SearchAction\",\"target\":{\"@type\":\"EntryPoint\",\"urlTemplate\":\"https:\\\/\\\/www.travelreport.se\\\/?s={search_term_string}\"},\"query-input\":{\"@type\":\"PropertyValueSpecification\",\"valueRequired\":true,\"valueName\":\"search_term_string\"}}],\"inLanguage\":\"en-GB\"},{\"@type\":\"Organization\",\"@id\":\"https:\\\/\\\/www.travelreport.se\\\/#organization\",\"name\":\"Travel Report\",\"url\":\"https:\\\/\\\/www.travelreport.se\\\/\",\"logo\":{\"@type\":\"ImageObject\",\"inLanguage\":\"en-GB\",\"@id\":\"https:\\\/\\\/www.travelreport.se\\\/#\\\/schema\\\/logo\\\/image\\\/\",\"url\":\"https:\\\/\\\/www.travelreport.se\\\/wp-content\\\/uploads\\\/2024\\\/01\\\/TravelReport-seo.jpeg\",\"contentUrl\":\"https:\\\/\\\/www.travelreport.se\\\/wp-content\\\/uploads\\\/2024\\\/01\\\/TravelReport-seo.jpeg\",\"width\":1200,\"height\":676,\"caption\":\"Travel Report\"},\"image\":{\"@id\":\"https:\\\/\\\/www.travelreport.se\\\/#\\\/schema\\\/logo\\\/image\\\/\"},\"sameAs\":[\"https:\\\/\\\/www.facebook.com\\\/inrikes\",\"https:\\\/\\\/www.instagram.com\\\/inrikes_magasin\\\/\"]},{\"@type\":\"Person\",\"@id\":\"https:\\\/\\\/www.travelreport.se\\\/#\\\/schema\\\/person\\\/6dae45163e775712127e85c446984260\",\"name\":\"Redaktion\"}]}<\/script>\n<!-- \/ Yoast SEO plugin. -->","yoast_head_json":{"title":"SkiStar presents this summer&#039;s news: new adventure arenas in S\u00e4len, Trysil and Vemdalen \u2013 Travel Report","description":"SkiStar presents this summer&#039;s news: new adventure arenas in S\u00e4len, Trysil and Vemdalen - Read the latest news from the travel industry at Travel Report.","robots":{"index":"index","follow":"follow","max-snippet":"max-snippet:-1","max-image-preview":"max-image-preview:large","max-video-preview":"max-video-preview:-1"},"canonical":"https:\/\/www.travelreport.se\/en\/skistar-presents-summer-news-new-adventure-arenas-in-the-trysil-and-vemdalen-halls\/","og_locale":"en_GB","og_type":"article","og_title":"SkiStar presenterar sommarens nyheter: nya \u00e4ventyrsarenor i S\u00e4len, Trysil och Vemdalen &#8211; Travel Report","og_description":"SkiStar presenterar sommarens nyheter: nya \u00e4ventyrsarenor i S\u00e4len, Trysil och Vemdalen \u2013 L\u00e4s senaste nyheterna fr\u00e5n resebranschen p\u00e5 Travel Report.","og_url":"https:\/\/www.travelreport.se\/en\/skistar-presents-summer-news-new-adventure-arenas-in-the-trysil-and-vemdalen-halls\/","og_site_name":"Travel Report","article_publisher":"https:\/\/www.facebook.com\/inrikes","article_published_time":"2023-02-10T06:00:00+00:00","og_image":[{"url":"https:\/\/www.travelreport.se\/wp-content\/uploads\/2023\/02\/Skarmavbild-2023-02-10-kl.-06.57.30-1024x569.png","type":"","width":"","height":""}],"author":"Redaktion","twitter_card":"summary_large_image","twitter_misc":{"Written by":"Redaktion","Estimated reading time":"7 minutes"},"schema":{"@context":"https:\/\/schema.org","@graph":[{"@type":"Article","@id":"https:\/\/travelreport.dk\/skistar-praesenterer-sommernyheder-nye-eventyrarenaer-i-trysil-og-vemdalen-hallerne\/#article","isPartOf":{"@id":"https:\/\/travelreport.dk\/skistar-praesenterer-sommernyheder-nye-eventyrarenaer-i-trysil-og-vemdalen-hallerne\/"},"author":{"name":"Redaktion","@id":"https:\/\/www.travelreport.se\/#\/schema\/person\/6dae45163e775712127e85c446984260"},"headline":"SkiStar presenterar sommarens nyheter: nya \u00e4ventyrsarenor i S\u00e4len, Trysil och Vemdalen","datePublished":"2023-02-10T06:00:00+00:00","mainEntityOfPage":{"@id":"https:\/\/travelreport.dk\/skistar-praesenterer-sommernyheder-nye-eventyrarenaer-i-trysil-og-vemdalen-hallerne\/"},"wordCount":1413,"commentCount":0,"publisher":{"@id":"https:\/\/www.travelreport.se\/#organization"},"image":{"@id":"https:\/\/travelreport.dk\/skistar-praesenterer-sommernyheder-nye-eventyrarenaer-i-trysil-og-vemdalen-hallerne\/#primaryimage"},"thumbnailUrl":"https:\/\/www.travelreport.se\/wp-content\/uploads\/2023\/02\/Skarmavbild-2023-02-10-kl.-06.57.30-1024x569.png","keywords":["S\u00e4len","Skistar","Trysil","Turism","Vemdalen"],"articleSection":["Turism"],"inLanguage":"en-GB"},{"@type":"WebPage","@id":"https:\/\/travelreport.dk\/skistar-praesenterer-sommernyheder-nye-eventyrarenaer-i-trysil-og-vemdalen-hallerne\/","url":"https:\/\/travelreport.dk\/skistar-praesenterer-sommernyheder-nye-eventyrarenaer-i-trysil-og-vemdalen-hallerne\/","name":"SkiStar presents this summer&#039;s news: new adventure arenas in S\u00e4len, Trysil and Vemdalen \u2013 Travel Report","isPartOf":{"@id":"https:\/\/www.travelreport.se\/#website"},"primaryImageOfPage":{"@id":"https:\/\/travelreport.dk\/skistar-praesenterer-sommernyheder-nye-eventyrarenaer-i-trysil-og-vemdalen-hallerne\/#primaryimage"},"image":{"@id":"https:\/\/travelreport.dk\/skistar-praesenterer-sommernyheder-nye-eventyrarenaer-i-trysil-og-vemdalen-hallerne\/#primaryimage"},"thumbnailUrl":"https:\/\/www.travelreport.se\/wp-content\/uploads\/2023\/02\/Skarmavbild-2023-02-10-kl.-06.57.30-1024x569.png","datePublished":"2023-02-10T06:00:00+00:00","description":"SkiStar presents this summer&#039;s news: new adventure arenas in S\u00e4len, Trysil and Vemdalen - Read the latest news from the travel industry at Travel Report.","inLanguage":"en-GB","potentialAction":[{"@type":"ReadAction","target":["https:\/\/travelreport.dk\/skistar-praesenterer-sommernyheder-nye-eventyrarenaer-i-trysil-og-vemdalen-hallerne\/"]}]},{"@type":"ImageObject","inLanguage":"en-GB","@id":"https:\/\/travelreport.dk\/skistar-praesenterer-sommernyheder-nye-eventyrarenaer-i-trysil-og-vemdalen-hallerne\/#primaryimage","url":"https:\/\/www.travelreport.se\/wp-content\/uploads\/2023\/02\/Skarmavbild-2023-02-10-kl.-06.57.30-1024x569.png","contentUrl":"https:\/\/www.travelreport.se\/wp-content\/uploads\/2023\/02\/Skarmavbild-2023-02-10-kl.-06.57.30-1024x569.png"},{"@type":"WebSite","@id":"https:\/\/www.travelreport.se\/#website","url":"https:\/\/www.travelreport.se\/","name":"Travel Report","description":"Latest travel industry news","publisher":{"@id":"https:\/\/www.travelreport.se\/#organization"},"potentialAction":[{"@type":"SearchAction","target":{"@type":"EntryPoint","urlTemplate":"https:\/\/www.travelreport.se\/?s={search_term_string}"},"query-input":{"@type":"PropertyValueSpecification","valueRequired":true,"valueName":"search_term_string"}}],"inLanguage":"en-GB"},{"@type":"Organization","@id":"https:\/\/www.travelreport.se\/#organization","name":"Travel Report","url":"https:\/\/www.travelreport.se\/","logo":{"@type":"ImageObject","inLanguage":"en-GB","@id":"https:\/\/www.travelreport.se\/#\/schema\/logo\/image\/","url":"https:\/\/www.travelreport.se\/wp-content\/uploads\/2024\/01\/TravelReport-seo.jpeg","contentUrl":"https:\/\/www.travelreport.se\/wp-content\/uploads\/2024\/01\/TravelReport-seo.jpeg","width":1200,"height":676,"caption":"Travel Report"},"image":{"@id":"https:\/\/www.travelreport.se\/#\/schema\/logo\/image\/"},"sameAs":["https:\/\/www.facebook.com\/inrikes","https:\/\/www.instagram.com\/inrikes_magasin\/"]},{"@type":"Person","@id":"https:\/\/www.travelreport.se\/#\/schema\/person\/6dae45163e775712127e85c446984260","name":"Editorial department"}]}},"views":465,"_links":{"self":[{"href":"https:\/\/www.travelreport.se\/en\/wp-json\/wp\/v2\/posts\/240523","targetHints":{"allow":["GET"]}}],"collection":[{"href":"https:\/\/www.travelreport.se\/en\/wp-json\/wp\/v2\/posts"}],"about":[{"href":"https:\/\/www.travelreport.se\/en\/wp-json\/wp\/v2\/types\/post"}],"author":[{"embeddable":true,"href":"https:\/\/www.travelreport.se\/en\/wp-json\/wp\/v2\/users\/25"}],"replies":[{"embeddable":true,"href":"https:\/\/www.travelreport.se\/en\/wp-json\/wp\/v2\/comments?post=240523"}],"version-history":[{"count":0,"href":"https:\/\/www.travelreport.se\/en\/wp-json\/wp\/v2\/posts\/240523\/revisions"}],"wp:attachment":[{"href":"https:\/\/www.travelreport.se\/en\/wp-json\/wp\/v2\/media?parent=240523"}],"wp:term":[{"taxonomy":"category","embeddable":true,"href":"https:\/\/www.travelreport.se\/en\/wp-json\/wp\/v2\/categories?post=240523"},{"taxonomy":"post_tag","embeddable":true,"href":"https:\/\/www.travelreport.se\/en\/wp-json\/wp\/v2\/tags?post=240523"}],"curies":[{"name":"wp","href":"https:\/\/api.w.org\/{rel}","templated":true}]}}