{"id":304865,"date":"2026-08-31T06:40:56","date_gmt":"2026-08-31T04:40:56","guid":{"rendered":"https:\/\/www.travelreport.se\/?p=304865"},"modified":"2026-08-31T06:44:15","modified_gmt":"2026-08-31T04:44:15","slug":"sj-ceo-expects-lower-ticket-prices-as-capacity-increases","status":"publish","type":"post","link":"https:\/\/www.travelreport.se\/en\/sj-vd-raknar-med-lagre-biljettpriser-nar-kapaciteten-okar\/","title":{"rendered":"SJ CEO expects lower ticket prices as capacity increases"},"content":{"rendered":"<p class=\"wp-block-paragraph\">SJ is heading towards record occupancy and is investing SEK 19 billion in new and upgraded trains. Despite the large investments, CEO Jonas Abrahamsson expects ticket prices to fall rather than rise as the company gets more trains and more seats.<\/p>\n\n\n\n<p class=\"wp-block-paragraph\">After just over six months as CEO of SJ, Jonas Abrahamsson notes that demand for train travel is strong.<\/p>\n\n\n\n<p class=\"wp-block-paragraph\">The number of trips sold increased by 7 percent during June\u2013August compared to the corresponding period last year. This was despite a lower traffic supply due to, among other things, track work and disruptions.<\/p>\n\n\n\n<p class=\"wp-block-paragraph\">\u2013 We have record occupancy this summer. It is a very strong market and more people than ever want to travel by train, says Jonas Abrahamsson to Dagens Industri.<\/p>\n\n\n\n<h3 class=\"wp-block-heading\">19 billion is invested in trains<\/h3>\n\n\n\n<p class=\"wp-block-paragraph\">A central part of SJ&#039;s future plan is investments totaling SEK 19 billion in the vehicle fleet. The investment includes both upgrading existing trains and purchasing new ones.<\/p>\n\n\n\n<p class=\"wp-block-paragraph\">Around half of the X2000 trains have received new interiors. In addition, SJ has ordered 25 new express trains and 25 regional trains, which should be in service by 2030.<\/p>\n\n\n\n<p class=\"wp-block-paragraph\">The investments also include new workshops and technology that will make it possible to detect technical problems before they lead to disruptions.<\/p>\n\n\n\n<p class=\"wp-block-paragraph\">The majority of the investments, around SEK 14 billion, will be financed in the coming years through a combination of cash flow and new loans.<\/p>\n\n\n\n<h3 class=\"wp-block-heading\">Expect downward pressure on prices<\/h3>\n\n\n\n<p class=\"wp-block-paragraph\">Despite the investments and the demand for continued profitability, Abrahamsson does not expect ticket prices to need to be increased.<\/p>\n\n\n\n<p class=\"wp-block-paragraph\">\u2013 All other things being equal, it&#039;s rather the opposite. I expect the price picture to be pushed back, he tells Di.<\/p>\n\n\n\n<p class=\"wp-block-paragraph\">The explanation is, among other things, that the new trains have more seats. When capacity increases, SJ can accommodate more passengers and thus grow without having to drive up prices.<\/p>\n\n\n\n<p class=\"wp-block-paragraph\">SJ has set a goal of increasing the number of trips by 50 percent by 2030, with 2023 as the base year.<\/p>\n\n\n\n<p class=\"wp-block-paragraph\">\u2013 If we are going to succeed in this, we need to stimulate the market a bit. When we can run more, and more people want to travel by train, it will be a good deal for us anyway, says Jonas Abrahamsson.<\/p>\n\n\n\n<h3 class=\"wp-block-heading\">Want to improve customer satisfaction<\/h3>\n\n\n\n<p class=\"wp-block-paragraph\">At the same time, challenges remain. SJ ranked bottom when the Swedish Quality Index last measured customer satisfaction in the passenger transport sector.<\/p>\n\n\n\n<p class=\"wp-block-paragraph\">Since Abrahamsson took office, the company has identified three priority areas: daily operational delivery, the vehicle fleet, and customer service and information.<\/p>\n\n\n\n<p class=\"wp-block-paragraph\">According to SJ, nine out of ten trains arrive on time. Abrahamsson states that around four-fifths of the disruptions are caused by deficiencies in the infrastructure and are therefore outside SJ&#039;s direct control. The remaining 20 percent the company itself needs to get better at handling.<\/p>\n\n\n\n<p class=\"wp-block-paragraph\">\u201cWhen it comes to our operational delivery and customer satisfaction, we are not satisfied. We need to get better at handling customers, especially when things don&#039;t go as planned,\u201d he says.<\/p>\n\n\n\n<h3 class=\"wp-block-heading\">Increased revenue and profits<\/h3>\n\n\n\n<p class=\"wp-block-paragraph\">At the same time, SJ is doing well financially. During the first half of the year, revenue amounted to SEK 7.4 billion, while operating profit was SEK 424 million. The operating margin was 5.7 percent.<\/p>\n\n\n\n<p class=\"wp-block-paragraph\">The company&#039;s strong balance sheet and low debt will provide room for investments in the coming years.<\/p>\n\n\n\n<p class=\"wp-block-paragraph\">\u2013 Commercially, things are going very well for us, says Jonas Abrahamsson.<\/p>\n\n\n\n<p class=\"wp-block-paragraph\">Source: DI.SE<\/p>","protected":false},"excerpt":{"rendered":"<p>SJ g\u00e5r mot rekordbel\u00e4ggning och investerar 19 miljarder kronor i nya och upprustade t\u00e5g. Trots de stora investeringarna r\u00e4knar vd Jonas Abrahamsson med att biljettpriserna snarare kan sjunka \u00e4n stiga n\u00e4r bolaget f\u00e5r fler t\u00e5g och fler s\u00e4ten. Efter drygt ett halv\u00e5r som vd f\u00f6r SJ konstaterar Jonas Abrahamsson att efterfr\u00e5gan p\u00e5 t\u00e5gresor \u00e4r stark. [&hellip;]<\/p>\n","protected":false},"author":25,"featured_media":304866,"comment_status":"closed","ping_status":"closed","sticky":false,"template":"","format":"standard","meta":{"_acf_changed":false,"footnotes":""},"categories":[4084],"tags":[7710,823,8716,9602,8114,9302,9604,9435,117,420,234,9601,9603,417,191,7609,2881,7785,155],"class_list":["post-304865","post","type-post","status-publish","format-standard","has-post-thumbnail","hentry","category-tag-bransch","tag-biljettpriser","tag-jarnvag","tag-jarnvagstrafik","tag-jonas-abrahamsson","tag-kapacitet","tag-konkurrens","tag-lagre-priser","tag-prispress","tag-resa","tag-resenarer","tag-sj","tag-sj-tag","tag-sj-vd","tag-sverige","tag-tag-taag","tag-tagbiljetter","tag-tagresor","tag-travel-report","tag-turism"],"acf":[],"yoast_head":"<!-- This site is optimized with the Yoast SEO plugin v28.3 - https:\/\/yoast.com\/product\/yoast-seo-wordpress\/ -->\n<title>SJ\u00a0vd r\u00e4knar med l\u00e4gre biljettpriser n\u00e4r kapaciteten \u00f6kar &#8211; Travel Report<\/title>\n<meta name=\"description\" content=\"SJ\u00a0vd r\u00e4knar med l\u00e4gre biljettpriser n\u00e4r kapaciteten \u00f6kar \u2013 L\u00e4s senaste nyheterna fr\u00e5n resebranschen p\u00e5 Travel Report.\" \/>\n<meta name=\"robots\" content=\"index, follow, max-snippet:-1, max-image-preview:large, max-video-preview:-1\" \/>\n<link rel=\"canonical\" href=\"https:\/\/www.travelreport.se\/en\/sj-ceo-expects-lower-ticket-prices-as-capacity-increases\/\" \/>\n<meta property=\"og:locale\" content=\"en_GB\" \/>\n<meta property=\"og:type\" content=\"article\" \/>\n<meta property=\"og:title\" content=\"SJ\u00a0vd r\u00e4knar med l\u00e4gre biljettpriser n\u00e4r kapaciteten \u00f6kar &#8211; Travel Report\" \/>\n<meta property=\"og:description\" content=\"SJ\u00a0vd r\u00e4knar med l\u00e4gre biljettpriser n\u00e4r kapaciteten \u00f6kar \u2013 L\u00e4s senaste nyheterna fr\u00e5n resebranschen p\u00e5 Travel Report.\" \/>\n<meta property=\"og:url\" content=\"https:\/\/www.travelreport.se\/en\/sj-ceo-expects-lower-ticket-prices-as-capacity-increases\/\" \/>\n<meta property=\"og:site_name\" content=\"Travel Report\" \/>\n<meta property=\"article:publisher\" content=\"https:\/\/www.facebook.com\/inrikes\" \/>\n<meta property=\"article:published_time\" content=\"2026-08-31T04:40:56+00:00\" \/>\n<meta property=\"article:modified_time\" content=\"2026-08-31T04:44:15+00:00\" \/>\n<meta property=\"og:image\" content=\"https:\/\/www.travelreport.se\/wp-content\/uploads\/2026\/08\/Skarmavbild-2026-08-31-kl.-06.38.36-e1788151170108.png\" \/>\n\t<meta property=\"og:image:width\" content=\"1300\" \/>\n\t<meta property=\"og:image:height\" content=\"763\" \/>\n\t<meta property=\"og:image:type\" content=\"image\/png\" \/>\n<meta name=\"author\" content=\"Redaktion\" \/>\n<meta name=\"twitter:card\" content=\"summary_large_image\" \/>\n<meta name=\"twitter:label1\" content=\"Written by\" \/>\n\t<meta name=\"twitter:data1\" content=\"Redaktion\" \/>\n\t<meta name=\"twitter:label2\" content=\"Estimated reading time\" \/>\n\t<meta name=\"twitter:data2\" content=\"3 minutes\" \/>\n<script type=\"application\/ld+json\" class=\"yoast-schema-graph\">{\"@context\":\"https:\\\/\\\/schema.org\",\"@graph\":[{\"@type\":\"Article\",\"@id\":\"https:\\\/\\\/www.travelreport.se\\\/sj-vd-raknar-med-lagre-biljettpriser-nar-kapaciteten-okar\\\/#article\",\"isPartOf\":{\"@id\":\"https:\\\/\\\/www.travelreport.se\\\/sj-vd-raknar-med-lagre-biljettpriser-nar-kapaciteten-okar\\\/\"},\"author\":{\"name\":\"Redaktion\",\"@id\":\"https:\\\/\\\/www.travelreport.se\\\/#\\\/schema\\\/person\\\/6dae45163e775712127e85c446984260\"},\"headline\":\"SJ\u00a0vd r\u00e4knar med l\u00e4gre biljettpriser n\u00e4r kapaciteten \u00f6kar\",\"datePublished\":\"2026-08-31T04:40:56+00:00\",\"dateModified\":\"2026-08-31T04:44:15+00:00\",\"mainEntityOfPage\":{\"@id\":\"https:\\\/\\\/www.travelreport.se\\\/sj-vd-raknar-med-lagre-biljettpriser-nar-kapaciteten-okar\\\/\"},\"wordCount\":608,\"publisher\":{\"@id\":\"https:\\\/\\\/www.travelreport.se\\\/#organization\"},\"image\":{\"@id\":\"https:\\\/\\\/www.travelreport.se\\\/sj-vd-raknar-med-lagre-biljettpriser-nar-kapaciteten-okar\\\/#primaryimage\"},\"thumbnailUrl\":\"https:\\\/\\\/www.travelreport.se\\\/wp-content\\\/uploads\\\/2026\\\/08\\\/Skarmavbild-2026-08-31-kl.-06.38.36-e1788151170108.png\",\"keywords\":[\"biljettpriser\",\"J\u00e4rnv\u00e4g\",\"j\u00e4rnv\u00e4gstrafik\",\"Jonas Abrahamsson\",\"kapacitet\",\"konkurrens\",\"l\u00e4gre priser\",\"prispress\",\"resa\",\"resen\u00e4rer\",\"SJ\",\"sj t\u00e5g\",\"SJ vd\",\"Sverige\",\"T\u00e5g\",\"t\u00e5gbiljetter\",\"t\u00e5gresor\",\"Travel Report\",\"turism\"],\"articleSection\":[\"T\u00e5g\"],\"inLanguage\":\"en-GB\"},{\"@type\":\"WebPage\",\"@id\":\"https:\\\/\\\/www.travelreport.se\\\/sj-vd-raknar-med-lagre-biljettpriser-nar-kapaciteten-okar\\\/\",\"url\":\"https:\\\/\\\/www.travelreport.se\\\/sj-vd-raknar-med-lagre-biljettpriser-nar-kapaciteten-okar\\\/\",\"name\":\"SJ\u00a0vd r\u00e4knar med l\u00e4gre biljettpriser n\u00e4r kapaciteten \u00f6kar &#8211; Travel Report\",\"isPartOf\":{\"@id\":\"https:\\\/\\\/www.travelreport.se\\\/#website\"},\"primaryImageOfPage\":{\"@id\":\"https:\\\/\\\/www.travelreport.se\\\/sj-vd-raknar-med-lagre-biljettpriser-nar-kapaciteten-okar\\\/#primaryimage\"},\"image\":{\"@id\":\"https:\\\/\\\/www.travelreport.se\\\/sj-vd-raknar-med-lagre-biljettpriser-nar-kapaciteten-okar\\\/#primaryimage\"},\"thumbnailUrl\":\"https:\\\/\\\/www.travelreport.se\\\/wp-content\\\/uploads\\\/2026\\\/08\\\/Skarmavbild-2026-08-31-kl.-06.38.36-e1788151170108.png\",\"datePublished\":\"2026-08-31T04:40:56+00:00\",\"dateModified\":\"2026-08-31T04:44:15+00:00\",\"description\":\"SJ\u00a0vd r\u00e4knar med l\u00e4gre biljettpriser n\u00e4r kapaciteten \u00f6kar \u2013 L\u00e4s senaste nyheterna fr\u00e5n resebranschen p\u00e5 Travel Report.\",\"breadcrumb\":{\"@id\":\"https:\\\/\\\/www.travelreport.se\\\/sj-vd-raknar-med-lagre-biljettpriser-nar-kapaciteten-okar\\\/#breadcrumb\"},\"inLanguage\":\"en-GB\",\"potentialAction\":[{\"@type\":\"ReadAction\",\"target\":[\"https:\\\/\\\/www.travelreport.se\\\/sj-vd-raknar-med-lagre-biljettpriser-nar-kapaciteten-okar\\\/\"]}]},{\"@type\":\"ImageObject\",\"inLanguage\":\"en-GB\",\"@id\":\"https:\\\/\\\/www.travelreport.se\\\/sj-vd-raknar-med-lagre-biljettpriser-nar-kapaciteten-okar\\\/#primaryimage\",\"url\":\"https:\\\/\\\/www.travelreport.se\\\/wp-content\\\/uploads\\\/2026\\\/08\\\/Skarmavbild-2026-08-31-kl.-06.38.36-e1788151170108.png\",\"contentUrl\":\"https:\\\/\\\/www.travelreport.se\\\/wp-content\\\/uploads\\\/2026\\\/08\\\/Skarmavbild-2026-08-31-kl.-06.38.36-e1788151170108.png\",\"width\":1300,\"height\":763,\"caption\":\"Foto:SJ\"},{\"@type\":\"BreadcrumbList\",\"@id\":\"https:\\\/\\\/www.travelreport.se\\\/sj-vd-raknar-med-lagre-biljettpriser-nar-kapaciteten-okar\\\/#breadcrumb\",\"itemListElement\":[{\"@type\":\"ListItem\",\"position\":1,\"name\":\"T\u00e5g\",\"item\":\"https:\\\/\\\/www.travelreport.se\\\/kategori\\\/tag-bransch\\\/\"},{\"@type\":\"ListItem\",\"position\":2,\"name\":\"SJ\u00a0vd r\u00e4knar med l\u00e4gre biljettpriser n\u00e4r kapaciteten \u00f6kar\"}]},{\"@type\":\"WebSite\",\"@id\":\"https:\\\/\\\/www.travelreport.se\\\/#website\",\"url\":\"https:\\\/\\\/www.travelreport.se\\\/\",\"name\":\"Travel Report\",\"description\":\"Senaste nyheterna inom Resebranschen\",\"publisher\":{\"@id\":\"https:\\\/\\\/www.travelreport.se\\\/#organization\"},\"potentialAction\":[{\"@type\":\"SearchAction\",\"target\":{\"@type\":\"EntryPoint\",\"urlTemplate\":\"https:\\\/\\\/www.travelreport.se\\\/?s={search_term_string}\"},\"query-input\":{\"@type\":\"PropertyValueSpecification\",\"valueRequired\":true,\"valueName\":\"search_term_string\"}}],\"inLanguage\":\"en-GB\"},{\"@type\":\"Organization\",\"@id\":\"https:\\\/\\\/www.travelreport.se\\\/#organization\",\"name\":\"Travel Report\",\"url\":\"https:\\\/\\\/www.travelreport.se\\\/\",\"logo\":{\"@type\":\"ImageObject\",\"inLanguage\":\"en-GB\",\"@id\":\"https:\\\/\\\/www.travelreport.se\\\/#\\\/schema\\\/logo\\\/image\\\/\",\"url\":\"https:\\\/\\\/www.travelreport.se\\\/wp-content\\\/uploads\\\/2024\\\/01\\\/TravelReport-seo.jpeg\",\"contentUrl\":\"https:\\\/\\\/www.travelreport.se\\\/wp-content\\\/uploads\\\/2024\\\/01\\\/TravelReport-seo.jpeg\",\"width\":1200,\"height\":676,\"caption\":\"Travel Report\"},\"image\":{\"@id\":\"https:\\\/\\\/www.travelreport.se\\\/#\\\/schema\\\/logo\\\/image\\\/\"},\"sameAs\":[\"https:\\\/\\\/www.facebook.com\\\/inrikes\",\"https:\\\/\\\/www.instagram.com\\\/inrikes_magasin\\\/\"]},{\"@type\":\"Person\",\"@id\":\"https:\\\/\\\/www.travelreport.se\\\/#\\\/schema\\\/person\\\/6dae45163e775712127e85c446984260\",\"name\":\"Redaktion\"}]}<\/script>\n<!-- \/ Yoast SEO plugin. -->","yoast_head_json":{"title":"SJ CEO expects lower ticket prices as capacity increases \u2013 Travel Report","description":"SJ CEO expects lower ticket prices as capacity increases \u2013 Read the latest news from the travel industry at Travel Report.","robots":{"index":"index","follow":"follow","max-snippet":"max-snippet:-1","max-image-preview":"max-image-preview:large","max-video-preview":"max-video-preview:-1"},"canonical":"https:\/\/www.travelreport.se\/en\/sj-ceo-expects-lower-ticket-prices-as-capacity-increases\/","og_locale":"en_GB","og_type":"article","og_title":"SJ\u00a0vd r\u00e4knar med l\u00e4gre biljettpriser n\u00e4r kapaciteten \u00f6kar &#8211; Travel Report","og_description":"SJ\u00a0vd r\u00e4knar med l\u00e4gre biljettpriser n\u00e4r kapaciteten \u00f6kar \u2013 L\u00e4s senaste nyheterna fr\u00e5n resebranschen p\u00e5 Travel Report.","og_url":"https:\/\/www.travelreport.se\/en\/sj-ceo-expects-lower-ticket-prices-as-capacity-increases\/","og_site_name":"Travel Report","article_publisher":"https:\/\/www.facebook.com\/inrikes","article_published_time":"2026-08-31T04:40:56+00:00","article_modified_time":"2026-08-31T04:44:15+00:00","og_image":[{"width":1300,"height":763,"url":"https:\/\/www.travelreport.se\/wp-content\/uploads\/2026\/08\/Skarmavbild-2026-08-31-kl.-06.38.36-e1788151170108.png","type":"image\/png"}],"author":"Redaktion","twitter_card":"summary_large_image","twitter_misc":{"Written by":"Redaktion","Estimated reading time":"3 minutes"},"schema":{"@context":"https:\/\/schema.org","@graph":[{"@type":"Article","@id":"https:\/\/www.travelreport.se\/sj-vd-raknar-med-lagre-biljettpriser-nar-kapaciteten-okar\/#article","isPartOf":{"@id":"https:\/\/www.travelreport.se\/sj-vd-raknar-med-lagre-biljettpriser-nar-kapaciteten-okar\/"},"author":{"name":"Redaktion","@id":"https:\/\/www.travelreport.se\/#\/schema\/person\/6dae45163e775712127e85c446984260"},"headline":"SJ\u00a0vd r\u00e4knar med l\u00e4gre biljettpriser n\u00e4r kapaciteten \u00f6kar","datePublished":"2026-08-31T04:40:56+00:00","dateModified":"2026-08-31T04:44:15+00:00","mainEntityOfPage":{"@id":"https:\/\/www.travelreport.se\/sj-vd-raknar-med-lagre-biljettpriser-nar-kapaciteten-okar\/"},"wordCount":608,"publisher":{"@id":"https:\/\/www.travelreport.se\/#organization"},"image":{"@id":"https:\/\/www.travelreport.se\/sj-vd-raknar-med-lagre-biljettpriser-nar-kapaciteten-okar\/#primaryimage"},"thumbnailUrl":"https:\/\/www.travelreport.se\/wp-content\/uploads\/2026\/08\/Skarmavbild-2026-08-31-kl.-06.38.36-e1788151170108.png","keywords":["biljettpriser","J\u00e4rnv\u00e4g","j\u00e4rnv\u00e4gstrafik","Jonas Abrahamsson","kapacitet","konkurrens","l\u00e4gre priser","prispress","resa","resen\u00e4rer","SJ","sj t\u00e5g","SJ vd","Sverige","T\u00e5g","t\u00e5gbiljetter","t\u00e5gresor","Travel Report","turism"],"articleSection":["T\u00e5g"],"inLanguage":"en-GB"},{"@type":"WebPage","@id":"https:\/\/www.travelreport.se\/sj-vd-raknar-med-lagre-biljettpriser-nar-kapaciteten-okar\/","url":"https:\/\/www.travelreport.se\/sj-vd-raknar-med-lagre-biljettpriser-nar-kapaciteten-okar\/","name":"SJ CEO expects lower ticket prices as capacity increases \u2013 Travel Report","isPartOf":{"@id":"https:\/\/www.travelreport.se\/#website"},"primaryImageOfPage":{"@id":"https:\/\/www.travelreport.se\/sj-vd-raknar-med-lagre-biljettpriser-nar-kapaciteten-okar\/#primaryimage"},"image":{"@id":"https:\/\/www.travelreport.se\/sj-vd-raknar-med-lagre-biljettpriser-nar-kapaciteten-okar\/#primaryimage"},"thumbnailUrl":"https:\/\/www.travelreport.se\/wp-content\/uploads\/2026\/08\/Skarmavbild-2026-08-31-kl.-06.38.36-e1788151170108.png","datePublished":"2026-08-31T04:40:56+00:00","dateModified":"2026-08-31T04:44:15+00:00","description":"SJ CEO expects lower ticket prices as capacity increases \u2013 Read the latest news from the travel industry at Travel Report.","breadcrumb":{"@id":"https:\/\/www.travelreport.se\/sj-vd-raknar-med-lagre-biljettpriser-nar-kapaciteten-okar\/#breadcrumb"},"inLanguage":"en-GB","potentialAction":[{"@type":"ReadAction","target":["https:\/\/www.travelreport.se\/sj-vd-raknar-med-lagre-biljettpriser-nar-kapaciteten-okar\/"]}]},{"@type":"ImageObject","inLanguage":"en-GB","@id":"https:\/\/www.travelreport.se\/sj-vd-raknar-med-lagre-biljettpriser-nar-kapaciteten-okar\/#primaryimage","url":"https:\/\/www.travelreport.se\/wp-content\/uploads\/2026\/08\/Skarmavbild-2026-08-31-kl.-06.38.36-e1788151170108.png","contentUrl":"https:\/\/www.travelreport.se\/wp-content\/uploads\/2026\/08\/Skarmavbild-2026-08-31-kl.-06.38.36-e1788151170108.png","width":1300,"height":763,"caption":"Foto:SJ"},{"@type":"BreadcrumbList","@id":"https:\/\/www.travelreport.se\/sj-vd-raknar-med-lagre-biljettpriser-nar-kapaciteten-okar\/#breadcrumb","itemListElement":[{"@type":"ListItem","position":1,"name":"T\u00e5g","item":"https:\/\/www.travelreport.se\/kategori\/tag-bransch\/"},{"@type":"ListItem","position":2,"name":"SJ\u00a0vd r\u00e4knar med l\u00e4gre biljettpriser n\u00e4r kapaciteten \u00f6kar"}]},{"@type":"WebSite","@id":"https:\/\/www.travelreport.se\/#website","url":"https:\/\/www.travelreport.se\/","name":"Travel Report","description":"Latest travel industry news","publisher":{"@id":"https:\/\/www.travelreport.se\/#organization"},"potentialAction":[{"@type":"SearchAction","target":{"@type":"EntryPoint","urlTemplate":"https:\/\/www.travelreport.se\/?s={search_term_string}"},"query-input":{"@type":"PropertyValueSpecification","valueRequired":true,"valueName":"search_term_string"}}],"inLanguage":"en-GB"},{"@type":"Organization","@id":"https:\/\/www.travelreport.se\/#organization","name":"Travel Report","url":"https:\/\/www.travelreport.se\/","logo":{"@type":"ImageObject","inLanguage":"en-GB","@id":"https:\/\/www.travelreport.se\/#\/schema\/logo\/image\/","url":"https:\/\/www.travelreport.se\/wp-content\/uploads\/2024\/01\/TravelReport-seo.jpeg","contentUrl":"https:\/\/www.travelreport.se\/wp-content\/uploads\/2024\/01\/TravelReport-seo.jpeg","width":1200,"height":676,"caption":"Travel Report"},"image":{"@id":"https:\/\/www.travelreport.se\/#\/schema\/logo\/image\/"},"sameAs":["https:\/\/www.facebook.com\/inrikes","https:\/\/www.instagram.com\/inrikes_magasin\/"]},{"@type":"Person","@id":"https:\/\/www.travelreport.se\/#\/schema\/person\/6dae45163e775712127e85c446984260","name":"Editorial department"}]}},"views":122,"_links":{"self":[{"href":"https:\/\/www.travelreport.se\/en\/wp-json\/wp\/v2\/posts\/304865","targetHints":{"allow":["GET"]}}],"collection":[{"href":"https:\/\/www.travelreport.se\/en\/wp-json\/wp\/v2\/posts"}],"about":[{"href":"https:\/\/www.travelreport.se\/en\/wp-json\/wp\/v2\/types\/post"}],"author":[{"embeddable":true,"href":"https:\/\/www.travelreport.se\/en\/wp-json\/wp\/v2\/users\/25"}],"replies":[{"embeddable":true,"href":"https:\/\/www.travelreport.se\/en\/wp-json\/wp\/v2\/comments?post=304865"}],"version-history":[{"count":3,"href":"https:\/\/www.travelreport.se\/en\/wp-json\/wp\/v2\/posts\/304865\/revisions"}],"predecessor-version":[{"id":304869,"href":"https:\/\/www.travelreport.se\/en\/wp-json\/wp\/v2\/posts\/304865\/revisions\/304869"}],"wp:featuredmedia":[{"embeddable":true,"href":"https:\/\/www.travelreport.se\/en\/wp-json\/wp\/v2\/media\/304866"}],"wp:attachment":[{"href":"https:\/\/www.travelreport.se\/en\/wp-json\/wp\/v2\/media?parent=304865"}],"wp:term":[{"taxonomy":"category","embeddable":true,"href":"https:\/\/www.travelreport.se\/en\/wp-json\/wp\/v2\/categories?post=304865"},{"taxonomy":"post_tag","embeddable":true,"href":"https:\/\/www.travelreport.se\/en\/wp-json\/wp\/v2\/tags?post=304865"}],"curies":[{"name":"wp","href":"https:\/\/api.w.org\/{rel}","templated":true}]}}