{"id":304888,"date":"2026-09-01T07:00:32","date_gmt":"2026-09-01T05:00:32","guid":{"rendered":"https:\/\/www.travelreport.se\/?p=304888"},"modified":"2026-09-01T07:04:04","modified_gmt":"2026-09-01T05:04:04","slug":"the-valleys-are-growing-faster-than-the-country-with-over-750000-guest-nights-in-july","status":"publish","type":"post","link":"https:\/\/www.travelreport.se\/en\/dalarna-vaxer-snabbare-an-riket-over-750-000-gastnatter-i-juli\/","title":{"rendered":"Dalarna is growing faster than the country \u2013 over 750,000 guest nights in July"},"content":{"rendered":"<p class=\"wp-block-paragraph\">The tourism industry in Dalarna had a strong July. The number of commercial guest nights increased by 5.4 percent compared to last year to just over 751,000. This was slightly better than the development for Sweden as a whole.<\/p>\n\n\n\n<p class=\"wp-block-paragraph\">A total of 751,161 commercial guest nights were registered in Dalarna during July 2026, according to accommodation statistics from the Swedish Agency for Economic and Regional Development. This was 38,438 more than in the same month in 2025.<\/p>\n\n\n\n<p class=\"wp-block-paragraph\">The increase of 5.4 percent can be compared with 5.3 percent for all of Sweden.<\/p>\n\n\n\n<p class=\"wp-block-paragraph\">\u2013 July is one of the most important months of the year for the tourism industry and therefore it is gratifying to see that Dalarna continues to attract both Swedish and international visitors, says Johanna Hemming, CEO of Visit Dalarna.<\/p>\n\n\n\n<p class=\"wp-block-paragraph\">Dalarna was Sweden&#039;s sixth largest visitor county in terms of the number of commercial guest nights during the month.<\/p>\n\n\n\n<h4 class=\"wp-block-heading\">Foreign guest nights increased by 8.9 percent<\/h4>\n\n\n\n<p class=\"wp-block-paragraph\">Swedish guest nights increased by 4.5 percent to 581,924. This was stronger than the national average increase of 3.2 percent.<\/p>\n\n\n\n<p class=\"wp-block-paragraph\">International demand also continued to rise. Foreign guest nights increased by 8.9 percent to 162,973.<\/p>\n\n\n\n<p class=\"wp-block-paragraph\">Norway remains Dalarna&#039;s largest foreign market by far, accounting for nearly 55 percent of international guest nights. During July, Norwegian overnight stays increased by 13 percent.<\/p>\n\n\n\n<p class=\"wp-block-paragraph\">Denmark increased by 7.4 percent and Germany by 5.4 percent, while the Netherlands was largely unchanged with an increase of 0.2 percent.<\/p>\n\n\n\n<h4 class=\"wp-block-heading\">Camping accounts for more than half<\/h4>\n\n\n\n<p class=\"wp-block-paragraph\">Camping is the dominant commercial form of accommodation during the summer and accounted for 55 percent of Dalarna&#039;s guest nights. The number of camping nights increased by 6 percent, compared to 3.9 percent nationwide.<\/p>\n\n\n\n<p class=\"wp-block-paragraph\">Holiday villages had the strongest development with an increase of 14.6 percent, twice as much as the national average of 7.4 percent.<\/p>\n\n\n\n<p class=\"wp-block-paragraph\">Hotels, on the other hand, performed weaker. Hotel nights in Dalarna increased by 1.2 percent, compared to 7.8 percent in Sweden as a whole.<\/p>\n\n\n\n<p class=\"wp-block-paragraph\">\u2013 We see that Dalarna continues to be attractive for our prioritized foreign markets. It is important for the tourism industry and contributes to strong development during the summer season, says Johanna Hemming.<\/p>\n\n\n\n<p class=\"wp-block-paragraph\">Visit Dalarna also emphasizes that the statistics for the entire summer season are not yet complete. A comprehensive picture can only be made when the figures for August have also been published.<\/p>\n\n\n\n<p class=\"wp-block-paragraph\"><\/p>","protected":false},"excerpt":{"rendered":"<p>Bes\u00f6ksn\u00e4ringen i Dalarna hade en stark juli. Antalet kommersiella g\u00e4stn\u00e4tter \u00f6kade med 5,4 procent j\u00e4mf\u00f6rt med f\u00f6rra \u00e5ret till drygt 751 000. Det var n\u00e5got b\u00e4ttre \u00e4n utvecklingen f\u00f6r Sverige som helhet. Totalt registrerades 751 161 kommersiella g\u00e4stn\u00e4tter i Dalarna under juli 2026, enligt inkvarteringsstatistik fr\u00e5n Tillv\u00e4xtverket. Det var 38 438 fler \u00e4n under samma [&hellip;]<\/p>\n","protected":false},"author":25,"featured_media":304889,"comment_status":"closed","ping_status":"closed","sticky":false,"template":"","format":"standard","meta":{"_acf_changed":false,"footnotes":""},"categories":[184],"tags":[9629,6939,557,1623,4546,86,9579,1021,117,7957,3200,9630,396,9628,7785,155,8236,942],"class_list":["post-304888","post","type-post","status-publish","format-standard","has-post-thumbnail","hentry","category-turism","tag-750-000-gastnatter","tag-besoksnaring","tag-camping","tag-dalarna","tag-gastnatter","tag-hotell","tag-inhemsk-turism","tag-juli","tag-resa","tag-semester-i-sverige","tag-sommarresor","tag-stugor","tag-svensk-turism","tag-tillvaxtverkets-statistikportal-las-mer-om-dalarnas-statistik-har","tag-travel-report","tag-turism","tag-turismstatistik","tag-visit-dalarna"],"acf":[],"yoast_head":"<!-- This site is optimized with the Yoast SEO plugin v28.3 - https:\/\/yoast.com\/product\/yoast-seo-wordpress\/ -->\n<title>Dalarna v\u00e4xer snabbare \u00e4n riket \u2013 \u00f6ver 750 000 g\u00e4stn\u00e4tter i juli &#8211; Travel Report<\/title>\n<meta name=\"description\" content=\"Dalarna v\u00e4xer snabbare \u00e4n riket \u2013 \u00f6ver 750 000 g\u00e4stn\u00e4tter i juli \u2013 L\u00e4s senaste nyheterna fr\u00e5n resebranschen p\u00e5 Travel Report.\" \/>\n<meta name=\"robots\" content=\"index, follow, max-snippet:-1, max-image-preview:large, max-video-preview:-1\" \/>\n<link rel=\"canonical\" href=\"https:\/\/www.travelreport.se\/en\/the-valleys-are-growing-faster-than-the-country-with-over-750000-guest-nights-in-july\/\" \/>\n<meta property=\"og:locale\" content=\"en_GB\" \/>\n<meta property=\"og:type\" content=\"article\" \/>\n<meta property=\"og:title\" content=\"Dalarna v\u00e4xer snabbare \u00e4n riket \u2013 \u00f6ver 750 000 g\u00e4stn\u00e4tter i juli &#8211; Travel Report\" \/>\n<meta property=\"og:description\" content=\"Dalarna v\u00e4xer snabbare \u00e4n riket \u2013 \u00f6ver 750 000 g\u00e4stn\u00e4tter i juli \u2013 L\u00e4s senaste nyheterna fr\u00e5n resebranschen p\u00e5 Travel Report.\" \/>\n<meta property=\"og:url\" content=\"https:\/\/www.travelreport.se\/en\/the-valleys-are-growing-faster-than-the-country-with-over-750000-guest-nights-in-july\/\" \/>\n<meta property=\"og:site_name\" content=\"Travel Report\" \/>\n<meta property=\"article:publisher\" content=\"https:\/\/www.facebook.com\/inrikes\" \/>\n<meta property=\"article:published_time\" content=\"2026-09-01T05:00:32+00:00\" \/>\n<meta property=\"article:modified_time\" content=\"2026-09-01T05:04:04+00:00\" \/>\n<meta property=\"og:image\" content=\"https:\/\/www.travelreport.se\/wp-content\/uploads\/2026\/09\/alvdalen_visit_dalarna-scaled-e1788238723275.jpg\" \/>\n\t<meta property=\"og:image:width\" content=\"1300\" \/>\n\t<meta property=\"og:image:height\" content=\"867\" \/>\n\t<meta property=\"og:image:type\" content=\"image\/jpeg\" \/>\n<meta name=\"author\" content=\"Redaktion\" \/>\n<meta name=\"twitter:card\" content=\"summary_large_image\" \/>\n<meta name=\"twitter:label1\" content=\"Written by\" \/>\n\t<meta name=\"twitter:data1\" content=\"Redaktion\" \/>\n\t<meta name=\"twitter:label2\" content=\"Estimated reading time\" \/>\n\t<meta name=\"twitter:data2\" content=\"2 minutes\" \/>\n<script type=\"application\/ld+json\" class=\"yoast-schema-graph\">{\"@context\":\"https:\\\/\\\/schema.org\",\"@graph\":[{\"@type\":\"Article\",\"@id\":\"https:\\\/\\\/www.travelreport.se\\\/dalarna-vaxer-snabbare-an-riket-over-750-000-gastnatter-i-juli\\\/#article\",\"isPartOf\":{\"@id\":\"https:\\\/\\\/www.travelreport.se\\\/dalarna-vaxer-snabbare-an-riket-over-750-000-gastnatter-i-juli\\\/\"},\"author\":{\"name\":\"Redaktion\",\"@id\":\"https:\\\/\\\/www.travelreport.se\\\/en\\\/#\\\/schema\\\/person\\\/6dae45163e775712127e85c446984260\"},\"headline\":\"Dalarna v\u00e4xer snabbare \u00e4n riket \u2013 \u00f6ver 750 000 g\u00e4stn\u00e4tter i juli\",\"datePublished\":\"2026-09-01T05:00:32+00:00\",\"dateModified\":\"2026-09-01T05:04:04+00:00\",\"mainEntityOfPage\":{\"@id\":\"https:\\\/\\\/www.travelreport.se\\\/dalarna-vaxer-snabbare-an-riket-over-750-000-gastnatter-i-juli\\\/\"},\"wordCount\":394,\"publisher\":{\"@id\":\"https:\\\/\\\/www.travelreport.se\\\/en\\\/#organization\"},\"image\":{\"@id\":\"https:\\\/\\\/www.travelreport.se\\\/dalarna-vaxer-snabbare-an-riket-over-750-000-gastnatter-i-juli\\\/#primaryimage\"},\"thumbnailUrl\":\"https:\\\/\\\/www.travelreport.se\\\/wp-content\\\/uploads\\\/2026\\\/09\\\/alvdalen_visit_dalarna-scaled-e1788238723275.jpg\",\"keywords\":[\"750 000 g\u00e4stn\u00e4tter\",\"bes\u00f6ksn\u00e4ring\",\"Camping\",\"Dalarna\",\"g\u00e4stn\u00e4tter\",\"hotell\",\"inhemsk turism\",\"juli\",\"resa\",\"semester i Sverige\",\"sommarresor\",\"stugor\",\"Svensk turism\",\"Tillv\u00e4xtverkets statistikportal L\u00e4s mer om Dalarnas statistik h\u00e4r\",\"Travel Report\",\"turism\",\"turismstatistik\",\"visit dalarna\"],\"articleSection\":[\"Turism\"],\"inLanguage\":\"en-GB\"},{\"@type\":\"WebPage\",\"@id\":\"https:\\\/\\\/www.travelreport.se\\\/dalarna-vaxer-snabbare-an-riket-over-750-000-gastnatter-i-juli\\\/\",\"url\":\"https:\\\/\\\/www.travelreport.se\\\/dalarna-vaxer-snabbare-an-riket-over-750-000-gastnatter-i-juli\\\/\",\"name\":\"Dalarna v\u00e4xer snabbare \u00e4n riket \u2013 \u00f6ver 750 000 g\u00e4stn\u00e4tter i juli &#8211; Travel Report\",\"isPartOf\":{\"@id\":\"https:\\\/\\\/www.travelreport.se\\\/en\\\/#website\"},\"primaryImageOfPage\":{\"@id\":\"https:\\\/\\\/www.travelreport.se\\\/dalarna-vaxer-snabbare-an-riket-over-750-000-gastnatter-i-juli\\\/#primaryimage\"},\"image\":{\"@id\":\"https:\\\/\\\/www.travelreport.se\\\/dalarna-vaxer-snabbare-an-riket-over-750-000-gastnatter-i-juli\\\/#primaryimage\"},\"thumbnailUrl\":\"https:\\\/\\\/www.travelreport.se\\\/wp-content\\\/uploads\\\/2026\\\/09\\\/alvdalen_visit_dalarna-scaled-e1788238723275.jpg\",\"datePublished\":\"2026-09-01T05:00:32+00:00\",\"dateModified\":\"2026-09-01T05:04:04+00:00\",\"description\":\"Dalarna v\u00e4xer snabbare \u00e4n riket \u2013 \u00f6ver 750 000 g\u00e4stn\u00e4tter i juli \u2013 L\u00e4s senaste nyheterna fr\u00e5n resebranschen p\u00e5 Travel Report.\",\"breadcrumb\":{\"@id\":\"https:\\\/\\\/www.travelreport.se\\\/dalarna-vaxer-snabbare-an-riket-over-750-000-gastnatter-i-juli\\\/#breadcrumb\"},\"inLanguage\":\"en-GB\",\"potentialAction\":[{\"@type\":\"ReadAction\",\"target\":[\"https:\\\/\\\/www.travelreport.se\\\/dalarna-vaxer-snabbare-an-riket-over-750-000-gastnatter-i-juli\\\/\"]}]},{\"@type\":\"ImageObject\",\"inLanguage\":\"en-GB\",\"@id\":\"https:\\\/\\\/www.travelreport.se\\\/dalarna-vaxer-snabbare-an-riket-over-750-000-gastnatter-i-juli\\\/#primaryimage\",\"url\":\"https:\\\/\\\/www.travelreport.se\\\/wp-content\\\/uploads\\\/2026\\\/09\\\/alvdalen_visit_dalarna-scaled-e1788238723275.jpg\",\"contentUrl\":\"https:\\\/\\\/www.travelreport.se\\\/wp-content\\\/uploads\\\/2026\\\/09\\\/alvdalen_visit_dalarna-scaled-e1788238723275.jpg\",\"width\":1300,\"height\":867,\"caption\":\"Foto: Visit dalarna\"},{\"@type\":\"BreadcrumbList\",\"@id\":\"https:\\\/\\\/www.travelreport.se\\\/dalarna-vaxer-snabbare-an-riket-over-750-000-gastnatter-i-juli\\\/#breadcrumb\",\"itemListElement\":[{\"@type\":\"ListItem\",\"position\":1,\"name\":\"Turism\",\"item\":\"https:\\\/\\\/www.travelreport.se\\\/en\\\/category\\\/tourism-2\\\/\"},{\"@type\":\"ListItem\",\"position\":2,\"name\":\"Dalarna v\u00e4xer snabbare \u00e4n riket \u2013 \u00f6ver 750 000 g\u00e4stn\u00e4tter i juli\"}]},{\"@type\":\"WebSite\",\"@id\":\"https:\\\/\\\/www.travelreport.se\\\/en\\\/#website\",\"url\":\"https:\\\/\\\/www.travelreport.se\\\/en\\\/\",\"name\":\"Travel Report\",\"description\":\"Senaste nyheterna inom Resebranschen\",\"publisher\":{\"@id\":\"https:\\\/\\\/www.travelreport.se\\\/en\\\/#organization\"},\"potentialAction\":[{\"@type\":\"SearchAction\",\"target\":{\"@type\":\"EntryPoint\",\"urlTemplate\":\"https:\\\/\\\/www.travelreport.se\\\/en\\\/?s={search_term_string}\"},\"query-input\":{\"@type\":\"PropertyValueSpecification\",\"valueRequired\":true,\"valueName\":\"search_term_string\"}}],\"inLanguage\":\"en-GB\"},{\"@type\":\"Organization\",\"@id\":\"https:\\\/\\\/www.travelreport.se\\\/en\\\/#organization\",\"name\":\"Travel Report\",\"url\":\"https:\\\/\\\/www.travelreport.se\\\/en\\\/\",\"logo\":{\"@type\":\"ImageObject\",\"inLanguage\":\"en-GB\",\"@id\":\"https:\\\/\\\/www.travelreport.se\\\/en\\\/#\\\/schema\\\/logo\\\/image\\\/\",\"url\":\"https:\\\/\\\/www.travelreport.se\\\/wp-content\\\/uploads\\\/2024\\\/01\\\/TravelReport-seo.jpeg\",\"contentUrl\":\"https:\\\/\\\/www.travelreport.se\\\/wp-content\\\/uploads\\\/2024\\\/01\\\/TravelReport-seo.jpeg\",\"width\":1200,\"height\":676,\"caption\":\"Travel Report\"},\"image\":{\"@id\":\"https:\\\/\\\/www.travelreport.se\\\/en\\\/#\\\/schema\\\/logo\\\/image\\\/\"},\"sameAs\":[\"https:\\\/\\\/www.facebook.com\\\/inrikes\",\"https:\\\/\\\/www.instagram.com\\\/inrikes_magasin\\\/\"]},{\"@type\":\"Person\",\"@id\":\"https:\\\/\\\/www.travelreport.se\\\/en\\\/#\\\/schema\\\/person\\\/6dae45163e775712127e85c446984260\",\"name\":\"Redaktion\"}]}<\/script>\n<!-- \/ Yoast SEO plugin. -->","yoast_head_json":{"title":"Dalarna is growing faster than the country \u2013 over 750,000 guest nights in July \u2013 Travel Report","description":"Dalarna is growing faster than the country \u2013 over 750,000 guest nights in July \u2013 Read the latest news from the travel industry at Travel Report.","robots":{"index":"index","follow":"follow","max-snippet":"max-snippet:-1","max-image-preview":"max-image-preview:large","max-video-preview":"max-video-preview:-1"},"canonical":"https:\/\/www.travelreport.se\/en\/the-valleys-are-growing-faster-than-the-country-with-over-750000-guest-nights-in-july\/","og_locale":"en_GB","og_type":"article","og_title":"Dalarna v\u00e4xer snabbare \u00e4n riket \u2013 \u00f6ver 750 000 g\u00e4stn\u00e4tter i juli &#8211; Travel Report","og_description":"Dalarna v\u00e4xer snabbare \u00e4n riket \u2013 \u00f6ver 750 000 g\u00e4stn\u00e4tter i juli \u2013 L\u00e4s senaste nyheterna fr\u00e5n resebranschen p\u00e5 Travel Report.","og_url":"https:\/\/www.travelreport.se\/en\/the-valleys-are-growing-faster-than-the-country-with-over-750000-guest-nights-in-july\/","og_site_name":"Travel Report","article_publisher":"https:\/\/www.facebook.com\/inrikes","article_published_time":"2026-09-01T05:00:32+00:00","article_modified_time":"2026-09-01T05:04:04+00:00","og_image":[{"width":1300,"height":867,"url":"https:\/\/www.travelreport.se\/wp-content\/uploads\/2026\/09\/alvdalen_visit_dalarna-scaled-e1788238723275.jpg","type":"image\/jpeg"}],"author":"Redaktion","twitter_card":"summary_large_image","twitter_misc":{"Written by":"Redaktion","Estimated reading time":"2 minutes"},"schema":{"@context":"https:\/\/schema.org","@graph":[{"@type":"Article","@id":"https:\/\/www.travelreport.se\/dalarna-vaxer-snabbare-an-riket-over-750-000-gastnatter-i-juli\/#article","isPartOf":{"@id":"https:\/\/www.travelreport.se\/dalarna-vaxer-snabbare-an-riket-over-750-000-gastnatter-i-juli\/"},"author":{"name":"Redaktion","@id":"https:\/\/www.travelreport.se\/en\/#\/schema\/person\/6dae45163e775712127e85c446984260"},"headline":"Dalarna v\u00e4xer snabbare \u00e4n riket \u2013 \u00f6ver 750 000 g\u00e4stn\u00e4tter i juli","datePublished":"2026-09-01T05:00:32+00:00","dateModified":"2026-09-01T05:04:04+00:00","mainEntityOfPage":{"@id":"https:\/\/www.travelreport.se\/dalarna-vaxer-snabbare-an-riket-over-750-000-gastnatter-i-juli\/"},"wordCount":394,"publisher":{"@id":"https:\/\/www.travelreport.se\/en\/#organization"},"image":{"@id":"https:\/\/www.travelreport.se\/dalarna-vaxer-snabbare-an-riket-over-750-000-gastnatter-i-juli\/#primaryimage"},"thumbnailUrl":"https:\/\/www.travelreport.se\/wp-content\/uploads\/2026\/09\/alvdalen_visit_dalarna-scaled-e1788238723275.jpg","keywords":["750 000 g\u00e4stn\u00e4tter","bes\u00f6ksn\u00e4ring","Camping","Dalarna","g\u00e4stn\u00e4tter","hotell","inhemsk turism","juli","resa","semester i Sverige","sommarresor","stugor","Svensk turism","Tillv\u00e4xtverkets statistikportal L\u00e4s mer om Dalarnas statistik h\u00e4r","Travel Report","turism","turismstatistik","visit dalarna"],"articleSection":["Turism"],"inLanguage":"en-GB"},{"@type":"WebPage","@id":"https:\/\/www.travelreport.se\/dalarna-vaxer-snabbare-an-riket-over-750-000-gastnatter-i-juli\/","url":"https:\/\/www.travelreport.se\/dalarna-vaxer-snabbare-an-riket-over-750-000-gastnatter-i-juli\/","name":"Dalarna is growing faster than the country \u2013 over 750,000 guest nights in July \u2013 Travel Report","isPartOf":{"@id":"https:\/\/www.travelreport.se\/en\/#website"},"primaryImageOfPage":{"@id":"https:\/\/www.travelreport.se\/dalarna-vaxer-snabbare-an-riket-over-750-000-gastnatter-i-juli\/#primaryimage"},"image":{"@id":"https:\/\/www.travelreport.se\/dalarna-vaxer-snabbare-an-riket-over-750-000-gastnatter-i-juli\/#primaryimage"},"thumbnailUrl":"https:\/\/www.travelreport.se\/wp-content\/uploads\/2026\/09\/alvdalen_visit_dalarna-scaled-e1788238723275.jpg","datePublished":"2026-09-01T05:00:32+00:00","dateModified":"2026-09-01T05:04:04+00:00","description":"Dalarna is growing faster than the country \u2013 over 750,000 guest nights in July \u2013 Read the latest news from the travel industry at Travel Report.","breadcrumb":{"@id":"https:\/\/www.travelreport.se\/dalarna-vaxer-snabbare-an-riket-over-750-000-gastnatter-i-juli\/#breadcrumb"},"inLanguage":"en-GB","potentialAction":[{"@type":"ReadAction","target":["https:\/\/www.travelreport.se\/dalarna-vaxer-snabbare-an-riket-over-750-000-gastnatter-i-juli\/"]}]},{"@type":"ImageObject","inLanguage":"en-GB","@id":"https:\/\/www.travelreport.se\/dalarna-vaxer-snabbare-an-riket-over-750-000-gastnatter-i-juli\/#primaryimage","url":"https:\/\/www.travelreport.se\/wp-content\/uploads\/2026\/09\/alvdalen_visit_dalarna-scaled-e1788238723275.jpg","contentUrl":"https:\/\/www.travelreport.se\/wp-content\/uploads\/2026\/09\/alvdalen_visit_dalarna-scaled-e1788238723275.jpg","width":1300,"height":867,"caption":"Foto: Visit dalarna"},{"@type":"BreadcrumbList","@id":"https:\/\/www.travelreport.se\/dalarna-vaxer-snabbare-an-riket-over-750-000-gastnatter-i-juli\/#breadcrumb","itemListElement":[{"@type":"ListItem","position":1,"name":"Turism","item":"https:\/\/www.travelreport.se\/en\/category\/tourism-2\/"},{"@type":"ListItem","position":2,"name":"Dalarna v\u00e4xer snabbare \u00e4n riket \u2013 \u00f6ver 750 000 g\u00e4stn\u00e4tter i juli"}]},{"@type":"WebSite","@id":"https:\/\/www.travelreport.se\/en\/#website","url":"https:\/\/www.travelreport.se\/en\/","name":"Travel Report","description":"Latest travel industry news","publisher":{"@id":"https:\/\/www.travelreport.se\/en\/#organization"},"potentialAction":[{"@type":"SearchAction","target":{"@type":"EntryPoint","urlTemplate":"https:\/\/www.travelreport.se\/en\/?s={search_term_string}"},"query-input":{"@type":"PropertyValueSpecification","valueRequired":true,"valueName":"search_term_string"}}],"inLanguage":"en-GB"},{"@type":"Organization","@id":"https:\/\/www.travelreport.se\/en\/#organization","name":"Travel Report","url":"https:\/\/www.travelreport.se\/en\/","logo":{"@type":"ImageObject","inLanguage":"en-GB","@id":"https:\/\/www.travelreport.se\/en\/#\/schema\/logo\/image\/","url":"https:\/\/www.travelreport.se\/wp-content\/uploads\/2024\/01\/TravelReport-seo.jpeg","contentUrl":"https:\/\/www.travelreport.se\/wp-content\/uploads\/2024\/01\/TravelReport-seo.jpeg","width":1200,"height":676,"caption":"Travel Report"},"image":{"@id":"https:\/\/www.travelreport.se\/en\/#\/schema\/logo\/image\/"},"sameAs":["https:\/\/www.facebook.com\/inrikes","https:\/\/www.instagram.com\/inrikes_magasin\/"]},{"@type":"Person","@id":"https:\/\/www.travelreport.se\/en\/#\/schema\/person\/6dae45163e775712127e85c446984260","name":"Editorial department"}]}},"views":80,"_links":{"self":[{"href":"https:\/\/www.travelreport.se\/en\/wp-json\/wp\/v2\/posts\/304888","targetHints":{"allow":["GET"]}}],"collection":[{"href":"https:\/\/www.travelreport.se\/en\/wp-json\/wp\/v2\/posts"}],"about":[{"href":"https:\/\/www.travelreport.se\/en\/wp-json\/wp\/v2\/types\/post"}],"author":[{"embeddable":true,"href":"https:\/\/www.travelreport.se\/en\/wp-json\/wp\/v2\/users\/25"}],"replies":[{"embeddable":true,"href":"https:\/\/www.travelreport.se\/en\/wp-json\/wp\/v2\/comments?post=304888"}],"version-history":[{"count":1,"href":"https:\/\/www.travelreport.se\/en\/wp-json\/wp\/v2\/posts\/304888\/revisions"}],"predecessor-version":[{"id":304890,"href":"https:\/\/www.travelreport.se\/en\/wp-json\/wp\/v2\/posts\/304888\/revisions\/304890"}],"wp:featuredmedia":[{"embeddable":true,"href":"https:\/\/www.travelreport.se\/en\/wp-json\/wp\/v2\/media\/304889"}],"wp:attachment":[{"href":"https:\/\/www.travelreport.se\/en\/wp-json\/wp\/v2\/media?parent=304888"}],"wp:term":[{"taxonomy":"category","embeddable":true,"href":"https:\/\/www.travelreport.se\/en\/wp-json\/wp\/v2\/categories?post=304888"},{"taxonomy":"post_tag","embeddable":true,"href":"https:\/\/www.travelreport.se\/en\/wp-json\/wp\/v2\/tags?post=304888"}],"curies":[{"name":"wp","href":"https:\/\/api.w.org\/{rel}","templated":true}]}}