{"id":304894,"date":"2026-09-02T06:24:41","date_gmt":"2026-09-02T04:24:41","guid":{"rendered":"https:\/\/www.travelreport.se\/?p=304894"},"modified":"2026-09-02T06:50:08","modified_gmt":"2026-09-02T04:50:08","slug":"norwegian-and-sas-suspend-winter-flights-to-dubai","status":"publish","type":"post","link":"https:\/\/www.travelreport.se\/en\/norwegian-och-sas-staller-in-vinterflyg-till-dubai\/","title":{"rendered":"Norwegian and SAS cancel winter flights to Dubai"},"content":{"rendered":"<p class=\"wp-block-paragraph\">Airlines are boycotting Dubai this winter.&nbsp;<\/p>\n\n\n\n<p class=\"wp-block-paragraph\">Norwegian, SAS and Finnair all cancel flights, reports&nbsp;<a href=\"https:\/\/dinside.dagbladet.no\/reise\/en-endelig-avgjorelse\/85087505\">Daily Paper.<\/a>&nbsp;<\/p>\n\n\n\n<p class=\"wp-block-paragraph\">\u2013 The reason is the unstable security situation in the Middle East, says Catharina Solli at Norwegian.<\/p>\n\n\n\n<p class=\"wp-block-paragraph\">Since the war between the United States, Israel and Iran broke out in February, the situation in the Middle East has been uncertain.<\/p>\n\n\n\n<p class=\"wp-block-paragraph\">At the height of the war, virtually all flights to and from the popular resort of Dubai were halted, leaving many Swedes stranded in the city. Flights have been back in the air for some time now \u2013 but the war is still affecting travel options to and from the city.<\/p>\n\n\n\n<p class=\"wp-block-paragraph\"><a href=\"https:\/\/www.expressen.se\/tagg\/organization\/norwegian\/\" class=\"\">Norwegian<\/a>&nbsp;is canceling all its flights to and from Dubai this winter, Dagbladet reports. This applies to scheduled departures from three Nordic capitals, including Stockholm and Copenhagen.<\/p>\n\n\n\n<p class=\"wp-block-paragraph\">\u2013 The reason is the uncertain security situation in the Middle East. Affected customers have been informed, Catharina Solli at Norwegian tells the newspaper.&nbsp;<\/p>\n\n\n\n<p class=\"wp-block-paragraph\">According to her, there are 1,500 customers who have already booked winter flights to Dubai.<\/p>\n\n\n\n<p class=\"wp-block-paragraph\">Norwegian is not the only airline to drop Dubai this winter. SAS is also canceling scheduled flights from Copenhagen, and Finnair is doing the same from Helsinki.<\/p>\n\n\n\n<p class=\"wp-block-paragraph\">Source: Expressen.se<\/p>","protected":false},"excerpt":{"rendered":"<p>Flygbolagen dissar Dubai i vinter.&nbsp; Norwegian, SAS och Finnair st\u00e4ller alla in sina flygningar, rapporterar&nbsp;Dagbladet.&nbsp; \u2013 Orsaken \u00e4r den ostabila s\u00e4kerhetssituationen i Mellan\u00f6stern, s\u00e4ger Catharina Solli p\u00e5 Norwegian. Sedan kriget mellan USA, Israel och Iran br\u00f6t ut i februari har l\u00e4get i Mellan\u00f6stern varit os\u00e4kert. N\u00e4r kriget var som mest intensivt stoppades i princip alla [&hellip;]<\/p>\n","protected":false},"author":25,"featured_media":304103,"comment_status":"closed","ping_status":"closed","sticky":false,"template":"","format":"standard","meta":{"_acf_changed":false,"footnotes":""},"categories":[179],"tags":[714,195,212,1746,1372,929,4326,291,117,420,9468,200,6986,858,7785,9634,9635],"class_list":["post-304894","post","type-post","status-publish","format-standard","has-post-thumbnail","hentry","category-flyg","tag-dubai","tag-tag-flyg","tag-flygbolag-travelguiden","tag-flyglinjer","tag-flygtrafik","tag-installda-flyg","tag-mellanostern","tag-norwegian","tag-resa","tag-resenarer","tag-reseutbud","tag-sas","tag-skandinavien","tag-transport","tag-travel-report","tag-vinterflyg","tag-vinterprogram"],"acf":[],"yoast_head":"<!-- This site is optimized with the Yoast SEO plugin v28.4 - https:\/\/yoast.com\/product\/yoast-seo-wordpress\/ -->\n<title>Norwegian och SAS st\u00e4ller in vinterflyg till Dubai &#8211; Travel Report<\/title>\n<meta name=\"description\" content=\"Norwegian och SAS st\u00e4ller in vinterflyg till Dubai \u2013 L\u00e4s senaste nyheterna fr\u00e5n resebranschen p\u00e5 Travel Report.\" \/>\n<meta name=\"robots\" content=\"index, follow, max-snippet:-1, max-image-preview:large, max-video-preview:-1\" \/>\n<link rel=\"canonical\" href=\"https:\/\/www.travelreport.se\/en\/norwegian-and-sas-suspend-winter-flights-to-dubai\/\" \/>\n<meta property=\"og:locale\" content=\"en_GB\" \/>\n<meta property=\"og:type\" content=\"article\" \/>\n<meta property=\"og:title\" content=\"Norwegian och SAS st\u00e4ller in vinterflyg till Dubai &#8211; Travel Report\" \/>\n<meta property=\"og:description\" content=\"Norwegian och SAS st\u00e4ller in vinterflyg till Dubai \u2013 L\u00e4s senaste nyheterna fr\u00e5n resebranschen p\u00e5 Travel Report.\" \/>\n<meta property=\"og:url\" content=\"https:\/\/www.travelreport.se\/en\/norwegian-and-sas-suspend-winter-flights-to-dubai\/\" \/>\n<meta property=\"og:site_name\" content=\"Travel Report\" \/>\n<meta property=\"article:publisher\" content=\"https:\/\/www.facebook.com\/inrikes\" \/>\n<meta property=\"article:published_time\" content=\"2026-09-02T04:24:41+00:00\" \/>\n<meta property=\"article:modified_time\" content=\"2026-09-02T04:50:08+00:00\" \/>\n<meta property=\"og:image\" content=\"https:\/\/www.travelreport.se\/wp-content\/uploads\/2026\/06\/Bild19-e1782717186477.jpg\" \/>\n\t<meta property=\"og:image:width\" content=\"1300\" \/>\n\t<meta property=\"og:image:height\" content=\"867\" \/>\n\t<meta property=\"og:image:type\" content=\"image\/jpeg\" \/>\n<meta name=\"author\" content=\"Redaktion\" \/>\n<meta name=\"twitter:card\" content=\"summary_large_image\" \/>\n<meta name=\"twitter:label1\" content=\"Written by\" \/>\n\t<meta name=\"twitter:data1\" content=\"Redaktion\" \/>\n\t<meta name=\"twitter:label2\" content=\"Estimated reading time\" \/>\n\t<meta name=\"twitter:data2\" content=\"2 minutes\" \/>\n<script type=\"application\/ld+json\" class=\"yoast-schema-graph\">{\"@context\":\"https:\\\/\\\/schema.org\",\"@graph\":[{\"@type\":\"Article\",\"@id\":\"https:\\\/\\\/www.travelreport.se\\\/norwegian-och-sas-staller-in-vinterflyg-till-dubai\\\/#article\",\"isPartOf\":{\"@id\":\"https:\\\/\\\/www.travelreport.se\\\/norwegian-och-sas-staller-in-vinterflyg-till-dubai\\\/\"},\"author\":{\"name\":\"Redaktion\",\"@id\":\"https:\\\/\\\/www.travelreport.se\\\/#\\\/schema\\\/person\\\/6dae45163e775712127e85c446984260\"},\"headline\":\"Norwegian och SAS st\u00e4ller in vinterflyg till Dubai\",\"datePublished\":\"2026-09-02T04:24:41+00:00\",\"dateModified\":\"2026-09-02T04:50:08+00:00\",\"mainEntityOfPage\":{\"@id\":\"https:\\\/\\\/www.travelreport.se\\\/norwegian-och-sas-staller-in-vinterflyg-till-dubai\\\/\"},\"wordCount\":222,\"publisher\":{\"@id\":\"https:\\\/\\\/www.travelreport.se\\\/#organization\"},\"image\":{\"@id\":\"https:\\\/\\\/www.travelreport.se\\\/norwegian-och-sas-staller-in-vinterflyg-till-dubai\\\/#primaryimage\"},\"thumbnailUrl\":\"https:\\\/\\\/www.travelreport.se\\\/wp-content\\\/uploads\\\/2026\\\/06\\\/Bild19-e1782717186477.jpg\",\"keywords\":[\"Dubai\",\"Flyg\",\"Flygbolag\",\"flyglinjer\",\"flygtrafik\",\"inst\u00e4llda flyg\",\"mellan\u00f6stern\",\"Norwegian\",\"resa\",\"resen\u00e4rer\",\"reseutbud\",\"sas\",\"Skandinavien\",\"Transport\",\"Travel Report\",\"vinterflyg\",\"vinterprogram\"],\"articleSection\":[\"Flyg\"],\"inLanguage\":\"en-GB\"},{\"@type\":\"WebPage\",\"@id\":\"https:\\\/\\\/www.travelreport.se\\\/norwegian-och-sas-staller-in-vinterflyg-till-dubai\\\/\",\"url\":\"https:\\\/\\\/www.travelreport.se\\\/norwegian-och-sas-staller-in-vinterflyg-till-dubai\\\/\",\"name\":\"Norwegian och SAS st\u00e4ller in vinterflyg till Dubai &#8211; Travel Report\",\"isPartOf\":{\"@id\":\"https:\\\/\\\/www.travelreport.se\\\/#website\"},\"primaryImageOfPage\":{\"@id\":\"https:\\\/\\\/www.travelreport.se\\\/norwegian-och-sas-staller-in-vinterflyg-till-dubai\\\/#primaryimage\"},\"image\":{\"@id\":\"https:\\\/\\\/www.travelreport.se\\\/norwegian-och-sas-staller-in-vinterflyg-till-dubai\\\/#primaryimage\"},\"thumbnailUrl\":\"https:\\\/\\\/www.travelreport.se\\\/wp-content\\\/uploads\\\/2026\\\/06\\\/Bild19-e1782717186477.jpg\",\"datePublished\":\"2026-09-02T04:24:41+00:00\",\"dateModified\":\"2026-09-02T04:50:08+00:00\",\"description\":\"Norwegian och SAS st\u00e4ller in vinterflyg till Dubai \u2013 L\u00e4s senaste nyheterna fr\u00e5n resebranschen p\u00e5 Travel Report.\",\"breadcrumb\":{\"@id\":\"https:\\\/\\\/www.travelreport.se\\\/norwegian-och-sas-staller-in-vinterflyg-till-dubai\\\/#breadcrumb\"},\"inLanguage\":\"en-GB\",\"potentialAction\":[{\"@type\":\"ReadAction\",\"target\":[\"https:\\\/\\\/www.travelreport.se\\\/norwegian-och-sas-staller-in-vinterflyg-till-dubai\\\/\"]}]},{\"@type\":\"ImageObject\",\"inLanguage\":\"en-GB\",\"@id\":\"https:\\\/\\\/www.travelreport.se\\\/norwegian-och-sas-staller-in-vinterflyg-till-dubai\\\/#primaryimage\",\"url\":\"https:\\\/\\\/www.travelreport.se\\\/wp-content\\\/uploads\\\/2026\\\/06\\\/Bild19-e1782717186477.jpg\",\"contentUrl\":\"https:\\\/\\\/www.travelreport.se\\\/wp-content\\\/uploads\\\/2026\\\/06\\\/Bild19-e1782717186477.jpg\",\"width\":1300,\"height\":867,\"caption\":\"norwegian air shuttle\"},{\"@type\":\"BreadcrumbList\",\"@id\":\"https:\\\/\\\/www.travelreport.se\\\/norwegian-och-sas-staller-in-vinterflyg-till-dubai\\\/#breadcrumb\",\"itemListElement\":[{\"@type\":\"ListItem\",\"position\":1,\"name\":\"Flyg\",\"item\":\"https:\\\/\\\/www.travelreport.se\\\/kategori\\\/flyg\\\/\"},{\"@type\":\"ListItem\",\"position\":2,\"name\":\"Norwegian och SAS st\u00e4ller in vinterflyg till Dubai\"}]},{\"@type\":\"WebSite\",\"@id\":\"https:\\\/\\\/www.travelreport.se\\\/#website\",\"url\":\"https:\\\/\\\/www.travelreport.se\\\/\",\"name\":\"Travel Report\",\"description\":\"Senaste nyheterna inom Resebranschen\",\"publisher\":{\"@id\":\"https:\\\/\\\/www.travelreport.se\\\/#organization\"},\"potentialAction\":[{\"@type\":\"SearchAction\",\"target\":{\"@type\":\"EntryPoint\",\"urlTemplate\":\"https:\\\/\\\/www.travelreport.se\\\/?s={search_term_string}\"},\"query-input\":{\"@type\":\"PropertyValueSpecification\",\"valueRequired\":true,\"valueName\":\"search_term_string\"}}],\"inLanguage\":\"en-GB\"},{\"@type\":\"Organization\",\"@id\":\"https:\\\/\\\/www.travelreport.se\\\/#organization\",\"name\":\"Travel Report\",\"url\":\"https:\\\/\\\/www.travelreport.se\\\/\",\"logo\":{\"@type\":\"ImageObject\",\"inLanguage\":\"en-GB\",\"@id\":\"https:\\\/\\\/www.travelreport.se\\\/#\\\/schema\\\/logo\\\/image\\\/\",\"url\":\"https:\\\/\\\/www.travelreport.se\\\/wp-content\\\/uploads\\\/2024\\\/01\\\/TravelReport-seo.jpeg\",\"contentUrl\":\"https:\\\/\\\/www.travelreport.se\\\/wp-content\\\/uploads\\\/2024\\\/01\\\/TravelReport-seo.jpeg\",\"width\":1200,\"height\":676,\"caption\":\"Travel Report\"},\"image\":{\"@id\":\"https:\\\/\\\/www.travelreport.se\\\/#\\\/schema\\\/logo\\\/image\\\/\"},\"sameAs\":[\"https:\\\/\\\/www.facebook.com\\\/inrikes\",\"https:\\\/\\\/www.instagram.com\\\/inrikes_magasin\\\/\"]},{\"@type\":\"Person\",\"@id\":\"https:\\\/\\\/www.travelreport.se\\\/#\\\/schema\\\/person\\\/6dae45163e775712127e85c446984260\",\"name\":\"Redaktion\"}]}<\/script>\n<!-- \/ Yoast SEO plugin. -->","yoast_head_json":{"title":"Norwegian and SAS cancel winter flights to Dubai \u2013 Travel Report","description":"Norwegian and SAS cancel winter flights to Dubai \u2013 Read the latest news from the travel industry on Travel Report.","robots":{"index":"index","follow":"follow","max-snippet":"max-snippet:-1","max-image-preview":"max-image-preview:large","max-video-preview":"max-video-preview:-1"},"canonical":"https:\/\/www.travelreport.se\/en\/norwegian-and-sas-suspend-winter-flights-to-dubai\/","og_locale":"en_GB","og_type":"article","og_title":"Norwegian och SAS st\u00e4ller in vinterflyg till Dubai &#8211; Travel Report","og_description":"Norwegian och SAS st\u00e4ller in vinterflyg till Dubai \u2013 L\u00e4s senaste nyheterna fr\u00e5n resebranschen p\u00e5 Travel Report.","og_url":"https:\/\/www.travelreport.se\/en\/norwegian-and-sas-suspend-winter-flights-to-dubai\/","og_site_name":"Travel Report","article_publisher":"https:\/\/www.facebook.com\/inrikes","article_published_time":"2026-09-02T04:24:41+00:00","article_modified_time":"2026-09-02T04:50:08+00:00","og_image":[{"width":1300,"height":867,"url":"https:\/\/www.travelreport.se\/wp-content\/uploads\/2026\/06\/Bild19-e1782717186477.jpg","type":"image\/jpeg"}],"author":"Redaktion","twitter_card":"summary_large_image","twitter_misc":{"Written by":"Redaktion","Estimated reading time":"2 minutes"},"schema":{"@context":"https:\/\/schema.org","@graph":[{"@type":"Article","@id":"https:\/\/www.travelreport.se\/norwegian-och-sas-staller-in-vinterflyg-till-dubai\/#article","isPartOf":{"@id":"https:\/\/www.travelreport.se\/norwegian-och-sas-staller-in-vinterflyg-till-dubai\/"},"author":{"name":"Redaktion","@id":"https:\/\/www.travelreport.se\/#\/schema\/person\/6dae45163e775712127e85c446984260"},"headline":"Norwegian och SAS st\u00e4ller in vinterflyg till Dubai","datePublished":"2026-09-02T04:24:41+00:00","dateModified":"2026-09-02T04:50:08+00:00","mainEntityOfPage":{"@id":"https:\/\/www.travelreport.se\/norwegian-och-sas-staller-in-vinterflyg-till-dubai\/"},"wordCount":222,"publisher":{"@id":"https:\/\/www.travelreport.se\/#organization"},"image":{"@id":"https:\/\/www.travelreport.se\/norwegian-och-sas-staller-in-vinterflyg-till-dubai\/#primaryimage"},"thumbnailUrl":"https:\/\/www.travelreport.se\/wp-content\/uploads\/2026\/06\/Bild19-e1782717186477.jpg","keywords":["Dubai","Flyg","Flygbolag","flyglinjer","flygtrafik","inst\u00e4llda flyg","mellan\u00f6stern","Norwegian","resa","resen\u00e4rer","reseutbud","sas","Skandinavien","Transport","Travel Report","vinterflyg","vinterprogram"],"articleSection":["Flyg"],"inLanguage":"en-GB"},{"@type":"WebPage","@id":"https:\/\/www.travelreport.se\/norwegian-och-sas-staller-in-vinterflyg-till-dubai\/","url":"https:\/\/www.travelreport.se\/norwegian-och-sas-staller-in-vinterflyg-till-dubai\/","name":"Norwegian and SAS cancel winter flights to Dubai \u2013 Travel Report","isPartOf":{"@id":"https:\/\/www.travelreport.se\/#website"},"primaryImageOfPage":{"@id":"https:\/\/www.travelreport.se\/norwegian-och-sas-staller-in-vinterflyg-till-dubai\/#primaryimage"},"image":{"@id":"https:\/\/www.travelreport.se\/norwegian-och-sas-staller-in-vinterflyg-till-dubai\/#primaryimage"},"thumbnailUrl":"https:\/\/www.travelreport.se\/wp-content\/uploads\/2026\/06\/Bild19-e1782717186477.jpg","datePublished":"2026-09-02T04:24:41+00:00","dateModified":"2026-09-02T04:50:08+00:00","description":"Norwegian and SAS cancel winter flights to Dubai \u2013 Read the latest news from the travel industry on Travel Report.","breadcrumb":{"@id":"https:\/\/www.travelreport.se\/norwegian-och-sas-staller-in-vinterflyg-till-dubai\/#breadcrumb"},"inLanguage":"en-GB","potentialAction":[{"@type":"ReadAction","target":["https:\/\/www.travelreport.se\/norwegian-och-sas-staller-in-vinterflyg-till-dubai\/"]}]},{"@type":"ImageObject","inLanguage":"en-GB","@id":"https:\/\/www.travelreport.se\/norwegian-och-sas-staller-in-vinterflyg-till-dubai\/#primaryimage","url":"https:\/\/www.travelreport.se\/wp-content\/uploads\/2026\/06\/Bild19-e1782717186477.jpg","contentUrl":"https:\/\/www.travelreport.se\/wp-content\/uploads\/2026\/06\/Bild19-e1782717186477.jpg","width":1300,"height":867,"caption":"norwegian air shuttle"},{"@type":"BreadcrumbList","@id":"https:\/\/www.travelreport.se\/norwegian-och-sas-staller-in-vinterflyg-till-dubai\/#breadcrumb","itemListElement":[{"@type":"ListItem","position":1,"name":"Flyg","item":"https:\/\/www.travelreport.se\/kategori\/flyg\/"},{"@type":"ListItem","position":2,"name":"Norwegian och SAS st\u00e4ller in vinterflyg till Dubai"}]},{"@type":"WebSite","@id":"https:\/\/www.travelreport.se\/#website","url":"https:\/\/www.travelreport.se\/","name":"Travel Report","description":"Latest travel industry news","publisher":{"@id":"https:\/\/www.travelreport.se\/#organization"},"potentialAction":[{"@type":"SearchAction","target":{"@type":"EntryPoint","urlTemplate":"https:\/\/www.travelreport.se\/?s={search_term_string}"},"query-input":{"@type":"PropertyValueSpecification","valueRequired":true,"valueName":"search_term_string"}}],"inLanguage":"en-GB"},{"@type":"Organization","@id":"https:\/\/www.travelreport.se\/#organization","name":"Travel Report","url":"https:\/\/www.travelreport.se\/","logo":{"@type":"ImageObject","inLanguage":"en-GB","@id":"https:\/\/www.travelreport.se\/#\/schema\/logo\/image\/","url":"https:\/\/www.travelreport.se\/wp-content\/uploads\/2024\/01\/TravelReport-seo.jpeg","contentUrl":"https:\/\/www.travelreport.se\/wp-content\/uploads\/2024\/01\/TravelReport-seo.jpeg","width":1200,"height":676,"caption":"Travel Report"},"image":{"@id":"https:\/\/www.travelreport.se\/#\/schema\/logo\/image\/"},"sameAs":["https:\/\/www.facebook.com\/inrikes","https:\/\/www.instagram.com\/inrikes_magasin\/"]},{"@type":"Person","@id":"https:\/\/www.travelreport.se\/#\/schema\/person\/6dae45163e775712127e85c446984260","name":"Editorial department"}]}},"views":184,"_links":{"self":[{"href":"https:\/\/www.travelreport.se\/en\/wp-json\/wp\/v2\/posts\/304894","targetHints":{"allow":["GET"]}}],"collection":[{"href":"https:\/\/www.travelreport.se\/en\/wp-json\/wp\/v2\/posts"}],"about":[{"href":"https:\/\/www.travelreport.se\/en\/wp-json\/wp\/v2\/types\/post"}],"author":[{"embeddable":true,"href":"https:\/\/www.travelreport.se\/en\/wp-json\/wp\/v2\/users\/25"}],"replies":[{"embeddable":true,"href":"https:\/\/www.travelreport.se\/en\/wp-json\/wp\/v2\/comments?post=304894"}],"version-history":[{"count":1,"href":"https:\/\/www.travelreport.se\/en\/wp-json\/wp\/v2\/posts\/304894\/revisions"}],"predecessor-version":[{"id":304895,"href":"https:\/\/www.travelreport.se\/en\/wp-json\/wp\/v2\/posts\/304894\/revisions\/304895"}],"wp:featuredmedia":[{"embeddable":true,"href":"https:\/\/www.travelreport.se\/en\/wp-json\/wp\/v2\/media\/304103"}],"wp:attachment":[{"href":"https:\/\/www.travelreport.se\/en\/wp-json\/wp\/v2\/media?parent=304894"}],"wp:term":[{"taxonomy":"category","embeddable":true,"href":"https:\/\/www.travelreport.se\/en\/wp-json\/wp\/v2\/categories?post=304894"},{"taxonomy":"post_tag","embeddable":true,"href":"https:\/\/www.travelreport.se\/en\/wp-json\/wp\/v2\/tags?post=304894"}],"curies":[{"name":"wp","href":"https:\/\/api.w.org\/{rel}","templated":true}]}}