{"id":304904,"date":"2026-09-02T09:06:28","date_gmt":"2026-09-02T07:06:28","guid":{"rendered":"https:\/\/www.travelreport.se\/?p=304904"},"modified":"2026-09-02T09:07:00","modified_gmt":"2026-09-02T07:07:00","slug":"ryanair-cuts-winter-traffic-as-oil-prices-rise","status":"publish","type":"post","link":"https:\/\/www.travelreport.se\/en\/ryanair-drar-ned-vintertrafiken-nar-oljepriset-stiger\/","title":{"rendered":"Ryanair cuts winter traffic as oil prices rise"},"content":{"rendered":"<p class=\"wp-block-paragraph\">Ryanair has cut its passenger forecast for the 2027 financial year from 216 million to 214 million, citing high oil prices and the airline&#039;s desire to reduce its exposure to unsecured jet fuel during the weaker winter season. At the same time, traffic increased by 6 percent in August.<\/p>\n\n\n\n<p class=\"wp-block-paragraph\">Ryanair carried 22.2 million passengers in August 2026, compared to 21 million in the same month last year. This represents an increase of 6 percent.<\/p>\n\n\n\n<p class=\"wp-block-paragraph\">The cabin load factor remained unchanged at 96 percent. During the month, Ryanair operated over 120,500 flights, while more than 400 departures were cancelled due to the eruption of Mount Etna.<\/p>\n\n\n\n<p class=\"wp-block-paragraph\">On a rolling twelve-month basis, the number of passengers increased by 5 percent, from 203.6 to 214.4 million.<\/p>\n\n\n\n<h4 class=\"wp-block-heading\">Lowers forecast by two million passengers<\/h4>\n\n\n\n<p class=\"wp-block-paragraph\">At the same time, Ryanair is adjusting its traffic forecast for the full fiscal year FY27 downwards from 216 million to 214 million passengers.<\/p>\n\n\n\n<p class=\"wp-block-paragraph\">The airline is referring to the high prices of the portion of jet fuel that is not price-hedged. Ryanair has hedged around 80 percent of its fuel requirements for the year at around $67 per barrel, while jet fuel, according to the company, is currently trading at around $140 per barrel.<\/p>\n\n\n\n<p class=\"wp-block-paragraph\">Ryanair is therefore choosing to reduce capacity during the winter schedule from November to March. Traffic during the period is expected to be roughly unchanged compared to the previous year.<\/p>\n\n\n\n<p class=\"wp-block-paragraph\">The cut is expected to reduce Ryanair&#039;s winter losses by between 70 and 100 million euros, depending on ticket prices and demand.<\/p>\n\n\n\n<h4 class=\"wp-block-heading\">Warns of higher airfares next summer<\/h4>\n\n\n\n<p class=\"wp-block-paragraph\">During the summer program from April to October, Ryanair still expects to increase traffic by just over 5 percent, from 138 million to around 145 million passengers.<\/p>\n\n\n\n<p class=\"wp-block-paragraph\">The company also expects to be profitable in FY27, but profit after tax is expected to be lower than the record level in the previous financial year. A more detailed profit forecast is not yet provided.<\/p>\n\n\n\n<p class=\"wp-block-paragraph\">If high oil prices persist into the summer of 2027, Ryanair estimates that ticket prices on European short-haul routes could rise sharply. The company believes that competitors with a lower degree of fuel hedging may find it difficult to maintain their current capacity during the winter.<\/p>\n\n\n\n<p class=\"wp-block-paragraph\">Ryanair is expected to provide the next major update in conjunction with its half-year report in November.<\/p>\n\n\n\n<p class=\"wp-block-paragraph\"><\/p>","protected":false},"excerpt":{"rendered":"<p>Ryanair s\u00e4nker sin passagerarprognos f\u00f6r r\u00e4kenskaps\u00e5ret 2027 fr\u00e5n 216 till 214 miljoner resen\u00e4rer. Bakgrunden \u00e4r det h\u00f6ga oljepriset och flygbolagets vilja att minska exponeringen mot os\u00e4krat flygbr\u00e4nsle under den svagare vinters\u00e4songen. Samtidigt \u00f6kade trafiken med 6 procent i augusti. Ryanair hade 22,2 miljoner passagerare i augusti 2026, j\u00e4mf\u00f6rt med 21 miljoner samma m\u00e5nad f\u00f6rra \u00e5ret. [&hellip;]<\/p>\n","protected":false},"author":25,"featured_media":268615,"comment_status":"closed","ping_status":"closed","sticky":false,"template":"","format":"standard","meta":{"_acf_changed":false,"footnotes":""},"categories":[179],"tags":[195,212,117,224,858],"class_list":["post-304904","post","type-post","status-publish","format-standard","has-post-thumbnail","hentry","category-flyg","tag-tag-flyg","tag-flygbolag-travelguiden","tag-resa","tag-ryanair","tag-transport"],"acf":[],"yoast_head":"<!-- This site is optimized with the Yoast SEO plugin v28.4 - https:\/\/yoast.com\/product\/yoast-seo-wordpress\/ -->\n<title>Ryanair drar ned vintertrafiken n\u00e4r oljepriset stiger &#8211; Travel Report<\/title>\n<meta name=\"description\" content=\"Ryanair drar ned vintertrafiken n\u00e4r oljepriset stiger \u2013 L\u00e4s senaste nyheterna fr\u00e5n resebranschen p\u00e5 Travel Report.\" \/>\n<meta name=\"robots\" content=\"index, follow, max-snippet:-1, max-image-preview:large, max-video-preview:-1\" \/>\n<link rel=\"canonical\" href=\"https:\/\/www.travelreport.se\/en\/ryanair-cuts-winter-traffic-as-oil-prices-rise\/\" \/>\n<meta property=\"og:locale\" content=\"en_GB\" \/>\n<meta property=\"og:type\" content=\"article\" \/>\n<meta property=\"og:title\" content=\"Ryanair drar ned vintertrafiken n\u00e4r oljepriset stiger &#8211; Travel Report\" \/>\n<meta property=\"og:description\" content=\"Ryanair drar ned vintertrafiken n\u00e4r oljepriset stiger \u2013 L\u00e4s senaste nyheterna fr\u00e5n resebranschen p\u00e5 Travel Report.\" \/>\n<meta property=\"og:url\" content=\"https:\/\/www.travelreport.se\/en\/ryanair-cuts-winter-traffic-as-oil-prices-rise\/\" \/>\n<meta property=\"og:site_name\" content=\"Travel Report\" \/>\n<meta property=\"article:publisher\" content=\"https:\/\/www.facebook.com\/inrikes\" \/>\n<meta property=\"article:published_time\" content=\"2026-09-02T07:06:28+00:00\" \/>\n<meta property=\"article:modified_time\" content=\"2026-09-02T07:07:00+00:00\" \/>\n<meta property=\"og:image\" content=\"https:\/\/travelreport.dk\/wp-content\/uploads\/2016\/04\/ryanair-aircraft-12-scaled-e1751602564655.jpg\" \/>\n\t<meta property=\"og:image:width\" content=\"1300\" \/>\n\t<meta property=\"og:image:height\" content=\"865\" \/>\n\t<meta property=\"og:image:type\" content=\"image\/jpeg\" \/>\n<meta name=\"author\" content=\"Redaktion\" \/>\n<meta name=\"twitter:card\" content=\"summary_large_image\" \/>\n<meta name=\"twitter:label1\" content=\"Written by\" \/>\n\t<meta name=\"twitter:data1\" content=\"Redaktion\" \/>\n\t<meta name=\"twitter:label2\" content=\"Estimated reading time\" \/>\n\t<meta name=\"twitter:data2\" content=\"2 minutes\" \/>\n<script type=\"application\/ld+json\" class=\"yoast-schema-graph\">{\"@context\":\"https:\\\/\\\/schema.org\",\"@graph\":[{\"@type\":\"Article\",\"@id\":\"https:\\\/\\\/travelreport.dk\\\/ryanair-drar-ned-vintertrafiken-nar-oljepriset-stiger\\\/#article\",\"isPartOf\":{\"@id\":\"https:\\\/\\\/travelreport.dk\\\/ryanair-drar-ned-vintertrafiken-nar-oljepriset-stiger\\\/\"},\"author\":{\"name\":\"Redaktion\",\"@id\":\"https:\\\/\\\/www.travelreport.se\\\/#\\\/schema\\\/person\\\/6dae45163e775712127e85c446984260\"},\"headline\":\"Ryanair drar ned vintertrafiken n\u00e4r oljepriset stiger\",\"datePublished\":\"2026-09-02T07:06:28+00:00\",\"dateModified\":\"2026-09-02T07:07:00+00:00\",\"mainEntityOfPage\":{\"@id\":\"https:\\\/\\\/travelreport.dk\\\/ryanair-drar-ned-vintertrafiken-nar-oljepriset-stiger\\\/\"},\"wordCount\":379,\"publisher\":{\"@id\":\"https:\\\/\\\/www.travelreport.se\\\/#organization\"},\"image\":{\"@id\":\"https:\\\/\\\/travelreport.dk\\\/ryanair-drar-ned-vintertrafiken-nar-oljepriset-stiger\\\/#primaryimage\"},\"thumbnailUrl\":\"https:\\\/\\\/www.travelreport.se\\\/wp-content\\\/uploads\\\/2016\\\/04\\\/ryanair-aircraft-12-scaled-e1751602564655.jpg\",\"keywords\":[\"Flyg\",\"Flygbolag\",\"resa\",\"Ryanair\",\"Transport\"],\"articleSection\":[\"Flyg\"],\"inLanguage\":\"en-GB\"},{\"@type\":\"WebPage\",\"@id\":\"https:\\\/\\\/travelreport.dk\\\/ryanair-drar-ned-vintertrafiken-nar-oljepriset-stiger\\\/\",\"url\":\"https:\\\/\\\/travelreport.dk\\\/ryanair-drar-ned-vintertrafiken-nar-oljepriset-stiger\\\/\",\"name\":\"Ryanair drar ned vintertrafiken n\u00e4r oljepriset stiger &#8211; Travel Report\",\"isPartOf\":{\"@id\":\"https:\\\/\\\/www.travelreport.se\\\/#website\"},\"primaryImageOfPage\":{\"@id\":\"https:\\\/\\\/travelreport.dk\\\/ryanair-drar-ned-vintertrafiken-nar-oljepriset-stiger\\\/#primaryimage\"},\"image\":{\"@id\":\"https:\\\/\\\/travelreport.dk\\\/ryanair-drar-ned-vintertrafiken-nar-oljepriset-stiger\\\/#primaryimage\"},\"thumbnailUrl\":\"https:\\\/\\\/www.travelreport.se\\\/wp-content\\\/uploads\\\/2016\\\/04\\\/ryanair-aircraft-12-scaled-e1751602564655.jpg\",\"datePublished\":\"2026-09-02T07:06:28+00:00\",\"dateModified\":\"2026-09-02T07:07:00+00:00\",\"description\":\"Ryanair drar ned vintertrafiken n\u00e4r oljepriset stiger \u2013 L\u00e4s senaste nyheterna fr\u00e5n resebranschen p\u00e5 Travel Report.\",\"breadcrumb\":{\"@id\":\"https:\\\/\\\/travelreport.dk\\\/ryanair-drar-ned-vintertrafiken-nar-oljepriset-stiger\\\/#breadcrumb\"},\"inLanguage\":\"en-GB\",\"potentialAction\":[{\"@type\":\"ReadAction\",\"target\":[\"https:\\\/\\\/travelreport.dk\\\/ryanair-drar-ned-vintertrafiken-nar-oljepriset-stiger\\\/\"]}]},{\"@type\":\"ImageObject\",\"inLanguage\":\"en-GB\",\"@id\":\"https:\\\/\\\/travelreport.dk\\\/ryanair-drar-ned-vintertrafiken-nar-oljepriset-stiger\\\/#primaryimage\",\"url\":\"https:\\\/\\\/www.travelreport.se\\\/wp-content\\\/uploads\\\/2016\\\/04\\\/ryanair-aircraft-12-scaled-e1751602564655.jpg\",\"contentUrl\":\"https:\\\/\\\/www.travelreport.se\\\/wp-content\\\/uploads\\\/2016\\\/04\\\/ryanair-aircraft-12-scaled-e1751602564655.jpg\",\"width\":1300,\"height\":865},{\"@type\":\"BreadcrumbList\",\"@id\":\"https:\\\/\\\/travelreport.dk\\\/ryanair-drar-ned-vintertrafiken-nar-oljepriset-stiger\\\/#breadcrumb\",\"itemListElement\":[{\"@type\":\"ListItem\",\"position\":1,\"name\":\"Flyg\",\"item\":\"https:\\\/\\\/www.travelreport.se\\\/kategori\\\/flyg\\\/\"},{\"@type\":\"ListItem\",\"position\":2,\"name\":\"Ryanair drar ned vintertrafiken n\u00e4r oljepriset stiger\"}]},{\"@type\":\"WebSite\",\"@id\":\"https:\\\/\\\/www.travelreport.se\\\/#website\",\"url\":\"https:\\\/\\\/www.travelreport.se\\\/\",\"name\":\"Travel Report\",\"description\":\"Senaste nyheterna inom Resebranschen\",\"publisher\":{\"@id\":\"https:\\\/\\\/www.travelreport.se\\\/#organization\"},\"potentialAction\":[{\"@type\":\"SearchAction\",\"target\":{\"@type\":\"EntryPoint\",\"urlTemplate\":\"https:\\\/\\\/www.travelreport.se\\\/?s={search_term_string}\"},\"query-input\":{\"@type\":\"PropertyValueSpecification\",\"valueRequired\":true,\"valueName\":\"search_term_string\"}}],\"inLanguage\":\"en-GB\"},{\"@type\":\"Organization\",\"@id\":\"https:\\\/\\\/www.travelreport.se\\\/#organization\",\"name\":\"Travel Report\",\"url\":\"https:\\\/\\\/www.travelreport.se\\\/\",\"logo\":{\"@type\":\"ImageObject\",\"inLanguage\":\"en-GB\",\"@id\":\"https:\\\/\\\/www.travelreport.se\\\/#\\\/schema\\\/logo\\\/image\\\/\",\"url\":\"https:\\\/\\\/www.travelreport.se\\\/wp-content\\\/uploads\\\/2024\\\/01\\\/TravelReport-seo.jpeg\",\"contentUrl\":\"https:\\\/\\\/www.travelreport.se\\\/wp-content\\\/uploads\\\/2024\\\/01\\\/TravelReport-seo.jpeg\",\"width\":1200,\"height\":676,\"caption\":\"Travel Report\"},\"image\":{\"@id\":\"https:\\\/\\\/www.travelreport.se\\\/#\\\/schema\\\/logo\\\/image\\\/\"},\"sameAs\":[\"https:\\\/\\\/www.facebook.com\\\/inrikes\",\"https:\\\/\\\/www.instagram.com\\\/inrikes_magasin\\\/\"]},{\"@type\":\"Person\",\"@id\":\"https:\\\/\\\/www.travelreport.se\\\/#\\\/schema\\\/person\\\/6dae45163e775712127e85c446984260\",\"name\":\"Redaktion\"}]}<\/script>\n<!-- \/ Yoast SEO plugin. -->","yoast_head_json":{"title":"Ryanair cuts winter traffic as oil prices rise \u2013 Travel Report","description":"Ryanair cuts winter traffic as oil prices rise \u2013 Read the latest news from the travel industry at Travel Report.","robots":{"index":"index","follow":"follow","max-snippet":"max-snippet:-1","max-image-preview":"max-image-preview:large","max-video-preview":"max-video-preview:-1"},"canonical":"https:\/\/www.travelreport.se\/en\/ryanair-cuts-winter-traffic-as-oil-prices-rise\/","og_locale":"en_GB","og_type":"article","og_title":"Ryanair drar ned vintertrafiken n\u00e4r oljepriset stiger &#8211; Travel Report","og_description":"Ryanair drar ned vintertrafiken n\u00e4r oljepriset stiger \u2013 L\u00e4s senaste nyheterna fr\u00e5n resebranschen p\u00e5 Travel Report.","og_url":"https:\/\/www.travelreport.se\/en\/ryanair-cuts-winter-traffic-as-oil-prices-rise\/","og_site_name":"Travel Report","article_publisher":"https:\/\/www.facebook.com\/inrikes","article_published_time":"2026-09-02T07:06:28+00:00","article_modified_time":"2026-09-02T07:07:00+00:00","og_image":[{"width":1300,"height":865,"url":"https:\/\/travelreport.dk\/wp-content\/uploads\/2016\/04\/ryanair-aircraft-12-scaled-e1751602564655.jpg","type":"image\/jpeg"}],"author":"Redaktion","twitter_card":"summary_large_image","twitter_misc":{"Written by":"Redaktion","Estimated reading time":"2 minutes"},"schema":{"@context":"https:\/\/schema.org","@graph":[{"@type":"Article","@id":"https:\/\/travelreport.dk\/ryanair-drar-ned-vintertrafiken-nar-oljepriset-stiger\/#article","isPartOf":{"@id":"https:\/\/travelreport.dk\/ryanair-drar-ned-vintertrafiken-nar-oljepriset-stiger\/"},"author":{"name":"Redaktion","@id":"https:\/\/www.travelreport.se\/#\/schema\/person\/6dae45163e775712127e85c446984260"},"headline":"Ryanair drar ned vintertrafiken n\u00e4r oljepriset stiger","datePublished":"2026-09-02T07:06:28+00:00","dateModified":"2026-09-02T07:07:00+00:00","mainEntityOfPage":{"@id":"https:\/\/travelreport.dk\/ryanair-drar-ned-vintertrafiken-nar-oljepriset-stiger\/"},"wordCount":379,"publisher":{"@id":"https:\/\/www.travelreport.se\/#organization"},"image":{"@id":"https:\/\/travelreport.dk\/ryanair-drar-ned-vintertrafiken-nar-oljepriset-stiger\/#primaryimage"},"thumbnailUrl":"https:\/\/www.travelreport.se\/wp-content\/uploads\/2016\/04\/ryanair-aircraft-12-scaled-e1751602564655.jpg","keywords":["Flyg","Flygbolag","resa","Ryanair","Transport"],"articleSection":["Flyg"],"inLanguage":"en-GB"},{"@type":"WebPage","@id":"https:\/\/travelreport.dk\/ryanair-drar-ned-vintertrafiken-nar-oljepriset-stiger\/","url":"https:\/\/travelreport.dk\/ryanair-drar-ned-vintertrafiken-nar-oljepriset-stiger\/","name":"Ryanair cuts winter traffic as oil prices rise \u2013 Travel Report","isPartOf":{"@id":"https:\/\/www.travelreport.se\/#website"},"primaryImageOfPage":{"@id":"https:\/\/travelreport.dk\/ryanair-drar-ned-vintertrafiken-nar-oljepriset-stiger\/#primaryimage"},"image":{"@id":"https:\/\/travelreport.dk\/ryanair-drar-ned-vintertrafiken-nar-oljepriset-stiger\/#primaryimage"},"thumbnailUrl":"https:\/\/www.travelreport.se\/wp-content\/uploads\/2016\/04\/ryanair-aircraft-12-scaled-e1751602564655.jpg","datePublished":"2026-09-02T07:06:28+00:00","dateModified":"2026-09-02T07:07:00+00:00","description":"Ryanair cuts winter traffic as oil prices rise \u2013 Read the latest news from the travel industry at Travel Report.","breadcrumb":{"@id":"https:\/\/travelreport.dk\/ryanair-drar-ned-vintertrafiken-nar-oljepriset-stiger\/#breadcrumb"},"inLanguage":"en-GB","potentialAction":[{"@type":"ReadAction","target":["https:\/\/travelreport.dk\/ryanair-drar-ned-vintertrafiken-nar-oljepriset-stiger\/"]}]},{"@type":"ImageObject","inLanguage":"en-GB","@id":"https:\/\/travelreport.dk\/ryanair-drar-ned-vintertrafiken-nar-oljepriset-stiger\/#primaryimage","url":"https:\/\/www.travelreport.se\/wp-content\/uploads\/2016\/04\/ryanair-aircraft-12-scaled-e1751602564655.jpg","contentUrl":"https:\/\/www.travelreport.se\/wp-content\/uploads\/2016\/04\/ryanair-aircraft-12-scaled-e1751602564655.jpg","width":1300,"height":865},{"@type":"BreadcrumbList","@id":"https:\/\/travelreport.dk\/ryanair-drar-ned-vintertrafiken-nar-oljepriset-stiger\/#breadcrumb","itemListElement":[{"@type":"ListItem","position":1,"name":"Flyg","item":"https:\/\/www.travelreport.se\/kategori\/flyg\/"},{"@type":"ListItem","position":2,"name":"Ryanair drar ned vintertrafiken n\u00e4r oljepriset stiger"}]},{"@type":"WebSite","@id":"https:\/\/www.travelreport.se\/#website","url":"https:\/\/www.travelreport.se\/","name":"Travel Report","description":"Latest travel industry news","publisher":{"@id":"https:\/\/www.travelreport.se\/#organization"},"potentialAction":[{"@type":"SearchAction","target":{"@type":"EntryPoint","urlTemplate":"https:\/\/www.travelreport.se\/?s={search_term_string}"},"query-input":{"@type":"PropertyValueSpecification","valueRequired":true,"valueName":"search_term_string"}}],"inLanguage":"en-GB"},{"@type":"Organization","@id":"https:\/\/www.travelreport.se\/#organization","name":"Travel Report","url":"https:\/\/www.travelreport.se\/","logo":{"@type":"ImageObject","inLanguage":"en-GB","@id":"https:\/\/www.travelreport.se\/#\/schema\/logo\/image\/","url":"https:\/\/www.travelreport.se\/wp-content\/uploads\/2024\/01\/TravelReport-seo.jpeg","contentUrl":"https:\/\/www.travelreport.se\/wp-content\/uploads\/2024\/01\/TravelReport-seo.jpeg","width":1200,"height":676,"caption":"Travel Report"},"image":{"@id":"https:\/\/www.travelreport.se\/#\/schema\/logo\/image\/"},"sameAs":["https:\/\/www.facebook.com\/inrikes","https:\/\/www.instagram.com\/inrikes_magasin\/"]},{"@type":"Person","@id":"https:\/\/www.travelreport.se\/#\/schema\/person\/6dae45163e775712127e85c446984260","name":"Editorial department"}]}},"views":56,"_links":{"self":[{"href":"https:\/\/www.travelreport.se\/en\/wp-json\/wp\/v2\/posts\/304904","targetHints":{"allow":["GET"]}}],"collection":[{"href":"https:\/\/www.travelreport.se\/en\/wp-json\/wp\/v2\/posts"}],"about":[{"href":"https:\/\/www.travelreport.se\/en\/wp-json\/wp\/v2\/types\/post"}],"author":[{"embeddable":true,"href":"https:\/\/www.travelreport.se\/en\/wp-json\/wp\/v2\/users\/25"}],"replies":[{"embeddable":true,"href":"https:\/\/www.travelreport.se\/en\/wp-json\/wp\/v2\/comments?post=304904"}],"version-history":[{"count":1,"href":"https:\/\/www.travelreport.se\/en\/wp-json\/wp\/v2\/posts\/304904\/revisions"}],"predecessor-version":[{"id":304905,"href":"https:\/\/www.travelreport.se\/en\/wp-json\/wp\/v2\/posts\/304904\/revisions\/304905"}],"wp:featuredmedia":[{"embeddable":true,"href":"https:\/\/www.travelreport.se\/en\/wp-json\/wp\/v2\/media\/268615"}],"wp:attachment":[{"href":"https:\/\/www.travelreport.se\/en\/wp-json\/wp\/v2\/media?parent=304904"}],"wp:term":[{"taxonomy":"category","embeddable":true,"href":"https:\/\/www.travelreport.se\/en\/wp-json\/wp\/v2\/categories?post=304904"},{"taxonomy":"post_tag","embeddable":true,"href":"https:\/\/www.travelreport.se\/en\/wp-json\/wp\/v2\/tags?post=304904"}],"curies":[{"name":"wp","href":"https:\/\/api.w.org\/{rel}","templated":true}]}}