{"id":304906,"date":"2026-09-02T11:00:00","date_gmt":"2026-09-02T09:00:00","guid":{"rendered":"https:\/\/www.travelreport.se\/?p=304906"},"modified":"2026-09-02T15:25:07","modified_gmt":"2026-09-02T13:25:07","slug":"etihad-adds-gothenburg-to-abu-dhabi-year-round-line-before-service-starts","status":"publish","type":"post","link":"https:\/\/www.travelreport.se\/en\/etihad-gor-goteborg-abu-dhabi-till-aret-runt-linje-fore-trafikstart\/","title":{"rendered":"Etihad makes Gothenburg\u2013Abu Dhabi a year-round route before service launch"},"content":{"rendered":"<p class=\"wp-block-paragraph\">Etihad Airways is expanding its new direct route between Gothenburg and Abu Dhabi to year-round service even before the first departure. The airline cites strong booking demand since sales opened in August. The premiere will take place on December 17, 2026.<\/p>\n\n\n\n<p class=\"wp-block-paragraph\">The new route from Gothenburg Landvetter to Abu Dhabi was announced in August and was initially scheduled to operate for a limited period. After just a few weeks of sales, Etihad has now decided to maintain the service year-round.<\/p>\n\n\n\n<p class=\"wp-block-paragraph\">The route has four departures a week and is operated with an Airbus A321LR. The aircraft has 160 seats divided into First, Business and Economy Class.<\/p>\n\n\n\n<h4 class=\"wp-block-heading\">Demand from both directions<\/h4>\n\n\n\n<p class=\"wp-block-paragraph\">According to Etihad, bookings have been strong both from Western Sweden and from travelers in the airline&#039;s international network.<\/p>\n\n\n\n<p class=\"wp-block-paragraph\">For Swedish travelers, Abu Dhabi provides access to Etihad&#039;s onward connections to the Middle East, India, Southeast Asia and Australia, among other destinations. At the same time, the airline sees demand for travel to Gothenburg from other parts of the network.<\/p>\n\n\n\n<p class=\"wp-block-paragraph\">\u201cThree weeks after booking opened, the market has shown that we underestimated Gothenburg, and we are pleased to have revised our view. The fact that we were able to confirm a year-round route at such an early stage in the sales period is a strong signal,\u201d says Arik De, Chief Revenue and Commercial Officer at Etihad Airways.<\/p>\n\n\n\n<h4 class=\"wp-block-heading\">Swedavia: High demand has existed for a long time<\/h4>\n\n\n\n<p class=\"wp-block-paragraph\">Swedavia sees the decision as a sign that there is a large base for long-haul travel from Western Sweden.<\/p>\n\n\n\n<p class=\"wp-block-paragraph\">\u2013 The fact that Etihad is expanding even before the start of traffic is excellent news and a clear sign that there has long been a high demand for a direct connection between Gothenburg and the United Arab Emirates, says Swedavia&#039;s CEO Mats Johannesson.<\/p>\n\n\n\n<p class=\"wp-block-paragraph\">He also points to Western Sweden&#039;s trade relations with Asia and the demand for private travel to the region.<\/p>\n\n\n\n<p class=\"wp-block-paragraph\">Etihad&#039;s first flight between Gothenburg and Abu Dhabi will depart on December 17. After that, the route will be operated four times a week all year round.<\/p>\n\n\n\n<p class=\"wp-block-paragraph\"><\/p>","protected":false},"excerpt":{"rendered":"<p>Etihad Airways ut\u00f6kar den nya direktlinjen mellan G\u00f6teborg och Abu Dhabi till \u00e5ret runt-trafik redan innan den f\u00f6rsta avg\u00e5ngen. Flygbolaget h\u00e4nvisar till stark bokningsefterfr\u00e5gan sedan f\u00f6rs\u00e4ljningen \u00f6ppnade i augusti. Premi\u00e4ren sker den 17 december 2026. Den nya linjen fr\u00e5n G\u00f6teborg Landvetter till Abu Dhabi presenterades i augusti och skulle inledningsvis trafikeras under en begr\u00e4nsad period. [&hellip;]<\/p>\n","protected":false},"author":25,"featured_media":304688,"comment_status":"closed","ping_status":"closed","sticky":false,"template":"","format":"standard","meta":{"_acf_changed":false,"footnotes":""},"categories":[179],"tags":[3658,9647,3183,2053,2371,750,195,212,312,996,617,9646,9347,3356,117,9641,7785,155,1955],"class_list":["post-304906","post","type-post","status-publish","format-standard","has-post-thumbnail","hentry","category-flyg","tag-abu-dhabi","tag-aret-runt-linje","tag-direktflyg","tag-direktlinje","tag-etihad","tag-etihad-airways","tag-tag-flyg","tag-flygbolag-travelguiden","tag-tag-flygplats","tag-forenade-arabemiraten","tag-goteborg","tag-goteborg-landvetter","tag-internationella-flyglinjer","tag-langdistansflyg","tag-resa","tag-trafikstart","tag-travel-report","tag-turism","tag-vastsverige"],"acf":[],"yoast_head":"<!-- This site is optimized with the Yoast SEO plugin v28.4 - https:\/\/yoast.com\/product\/yoast-seo-wordpress\/ -->\n<title>Etihad g\u00f6r G\u00f6teborg\u2013Abu Dhabi till \u00e5ret runt-linje f\u00f6re trafikstart &#8211; Travel Report<\/title>\n<meta name=\"description\" content=\"Etihad g\u00f6r G\u00f6teborg\u2013Abu Dhabi till \u00e5ret runt-linje f\u00f6re trafikstart \u2013 L\u00e4s senaste nyheterna fr\u00e5n resebranschen p\u00e5 Travel Report.\" \/>\n<meta name=\"robots\" content=\"index, follow, max-snippet:-1, max-image-preview:large, max-video-preview:-1\" \/>\n<link rel=\"canonical\" href=\"https:\/\/www.travelreport.se\/en\/etihad-adds-gothenburg-to-abu-dhabi-year-round-line-before-service-starts\/\" \/>\n<meta property=\"og:locale\" content=\"en_GB\" \/>\n<meta property=\"og:type\" content=\"article\" \/>\n<meta property=\"og:title\" content=\"Etihad g\u00f6r G\u00f6teborg\u2013Abu Dhabi till \u00e5ret runt-linje f\u00f6re trafikstart &#8211; Travel Report\" \/>\n<meta property=\"og:description\" content=\"Etihad g\u00f6r G\u00f6teborg\u2013Abu Dhabi till \u00e5ret runt-linje f\u00f6re trafikstart \u2013 L\u00e4s senaste nyheterna fr\u00e5n resebranschen p\u00e5 Travel Report.\" \/>\n<meta property=\"og:url\" content=\"https:\/\/www.travelreport.se\/en\/etihad-adds-gothenburg-to-abu-dhabi-year-round-line-before-service-starts\/\" \/>\n<meta property=\"og:site_name\" content=\"Travel Report\" \/>\n<meta property=\"article:publisher\" content=\"https:\/\/www.facebook.com\/inrikes\" \/>\n<meta property=\"article:published_time\" content=\"2026-09-02T09:00:00+00:00\" \/>\n<meta property=\"article:modified_time\" content=\"2026-09-02T13:25:07+00:00\" \/>\n<meta property=\"og:image\" content=\"https:\/\/www.travelreport.se\/wp-content\/uploads\/2026\/08\/A321LR-1.jpg\" \/>\n\t<meta property=\"og:image:width\" content=\"1300\" \/>\n\t<meta property=\"og:image:height\" content=\"853\" \/>\n\t<meta property=\"og:image:type\" content=\"image\/jpeg\" \/>\n<meta name=\"author\" content=\"Redaktion\" \/>\n<meta name=\"twitter:card\" content=\"summary_large_image\" \/>\n<meta name=\"twitter:label1\" content=\"Written by\" \/>\n\t<meta name=\"twitter:data1\" content=\"Redaktion\" \/>\n\t<meta name=\"twitter:label2\" content=\"Estimated reading time\" \/>\n\t<meta name=\"twitter:data2\" content=\"2 minutes\" \/>\n<script type=\"application\/ld+json\" class=\"yoast-schema-graph\">{\"@context\":\"https:\\\/\\\/schema.org\",\"@graph\":[{\"@type\":\"Article\",\"@id\":\"https:\\\/\\\/www.travelreport.se\\\/etihad-gor-goteborg-abu-dhabi-till-aret-runt-linje-fore-trafikstart\\\/#article\",\"isPartOf\":{\"@id\":\"https:\\\/\\\/www.travelreport.se\\\/etihad-gor-goteborg-abu-dhabi-till-aret-runt-linje-fore-trafikstart\\\/\"},\"author\":{\"name\":\"Redaktion\",\"@id\":\"https:\\\/\\\/www.travelreport.se\\\/#\\\/schema\\\/person\\\/6dae45163e775712127e85c446984260\"},\"headline\":\"Etihad g\u00f6r G\u00f6teborg\u2013Abu Dhabi till \u00e5ret runt-linje f\u00f6re trafikstart\",\"datePublished\":\"2026-09-02T09:00:00+00:00\",\"dateModified\":\"2026-09-02T13:25:07+00:00\",\"mainEntityOfPage\":{\"@id\":\"https:\\\/\\\/www.travelreport.se\\\/etihad-gor-goteborg-abu-dhabi-till-aret-runt-linje-fore-trafikstart\\\/\"},\"wordCount\":367,\"publisher\":{\"@id\":\"https:\\\/\\\/www.travelreport.se\\\/#organization\"},\"image\":{\"@id\":\"https:\\\/\\\/www.travelreport.se\\\/etihad-gor-goteborg-abu-dhabi-till-aret-runt-linje-fore-trafikstart\\\/#primaryimage\"},\"thumbnailUrl\":\"https:\\\/\\\/www.travelreport.se\\\/wp-content\\\/uploads\\\/2026\\\/08\\\/A321LR-1.jpg\",\"keywords\":[\"Abu Dhabi\",\"\u00e5ret runt-linje\",\"Direktflyg\",\"direktlinje\",\"Etihad\",\"Etihad Airways\",\"Flyg\",\"Flygbolag\",\"Flygplats\",\"F\u00f6renade Arabemiraten\",\"G\u00f6teborg\",\"G\u00f6teborg Landvetter\",\"internationella flyglinjer\",\"l\u00e5ngdistansflyg\",\"resa\",\"trafikstart\",\"Travel Report\",\"turism\",\"V\u00e4stsverige\"],\"articleSection\":[\"Flyg\"],\"inLanguage\":\"en-GB\"},{\"@type\":\"WebPage\",\"@id\":\"https:\\\/\\\/www.travelreport.se\\\/etihad-gor-goteborg-abu-dhabi-till-aret-runt-linje-fore-trafikstart\\\/\",\"url\":\"https:\\\/\\\/www.travelreport.se\\\/etihad-gor-goteborg-abu-dhabi-till-aret-runt-linje-fore-trafikstart\\\/\",\"name\":\"Etihad g\u00f6r G\u00f6teborg\u2013Abu Dhabi till \u00e5ret runt-linje f\u00f6re trafikstart &#8211; Travel Report\",\"isPartOf\":{\"@id\":\"https:\\\/\\\/www.travelreport.se\\\/#website\"},\"primaryImageOfPage\":{\"@id\":\"https:\\\/\\\/www.travelreport.se\\\/etihad-gor-goteborg-abu-dhabi-till-aret-runt-linje-fore-trafikstart\\\/#primaryimage\"},\"image\":{\"@id\":\"https:\\\/\\\/www.travelreport.se\\\/etihad-gor-goteborg-abu-dhabi-till-aret-runt-linje-fore-trafikstart\\\/#primaryimage\"},\"thumbnailUrl\":\"https:\\\/\\\/www.travelreport.se\\\/wp-content\\\/uploads\\\/2026\\\/08\\\/A321LR-1.jpg\",\"datePublished\":\"2026-09-02T09:00:00+00:00\",\"dateModified\":\"2026-09-02T13:25:07+00:00\",\"description\":\"Etihad g\u00f6r G\u00f6teborg\u2013Abu Dhabi till \u00e5ret runt-linje f\u00f6re trafikstart \u2013 L\u00e4s senaste nyheterna fr\u00e5n resebranschen p\u00e5 Travel Report.\",\"breadcrumb\":{\"@id\":\"https:\\\/\\\/www.travelreport.se\\\/etihad-gor-goteborg-abu-dhabi-till-aret-runt-linje-fore-trafikstart\\\/#breadcrumb\"},\"inLanguage\":\"en-GB\",\"potentialAction\":[{\"@type\":\"ReadAction\",\"target\":[\"https:\\\/\\\/www.travelreport.se\\\/etihad-gor-goteborg-abu-dhabi-till-aret-runt-linje-fore-trafikstart\\\/\"]}]},{\"@type\":\"ImageObject\",\"inLanguage\":\"en-GB\",\"@id\":\"https:\\\/\\\/www.travelreport.se\\\/etihad-gor-goteborg-abu-dhabi-till-aret-runt-linje-fore-trafikstart\\\/#primaryimage\",\"url\":\"https:\\\/\\\/www.travelreport.se\\\/wp-content\\\/uploads\\\/2026\\\/08\\\/A321LR-1.jpg\",\"contentUrl\":\"https:\\\/\\\/www.travelreport.se\\\/wp-content\\\/uploads\\\/2026\\\/08\\\/A321LR-1.jpg\",\"width\":1300,\"height\":853,\"caption\":\"Foto: Etihad Airways\"},{\"@type\":\"BreadcrumbList\",\"@id\":\"https:\\\/\\\/www.travelreport.se\\\/etihad-gor-goteborg-abu-dhabi-till-aret-runt-linje-fore-trafikstart\\\/#breadcrumb\",\"itemListElement\":[{\"@type\":\"ListItem\",\"position\":1,\"name\":\"Flyg\",\"item\":\"https:\\\/\\\/www.travelreport.se\\\/kategori\\\/flyg\\\/\"},{\"@type\":\"ListItem\",\"position\":2,\"name\":\"Etihad g\u00f6r G\u00f6teborg\u2013Abu Dhabi till \u00e5ret runt-linje f\u00f6re trafikstart\"}]},{\"@type\":\"WebSite\",\"@id\":\"https:\\\/\\\/www.travelreport.se\\\/#website\",\"url\":\"https:\\\/\\\/www.travelreport.se\\\/\",\"name\":\"Travel Report\",\"description\":\"Senaste nyheterna inom Resebranschen\",\"publisher\":{\"@id\":\"https:\\\/\\\/www.travelreport.se\\\/#organization\"},\"potentialAction\":[{\"@type\":\"SearchAction\",\"target\":{\"@type\":\"EntryPoint\",\"urlTemplate\":\"https:\\\/\\\/www.travelreport.se\\\/?s={search_term_string}\"},\"query-input\":{\"@type\":\"PropertyValueSpecification\",\"valueRequired\":true,\"valueName\":\"search_term_string\"}}],\"inLanguage\":\"en-GB\"},{\"@type\":\"Organization\",\"@id\":\"https:\\\/\\\/www.travelreport.se\\\/#organization\",\"name\":\"Travel Report\",\"url\":\"https:\\\/\\\/www.travelreport.se\\\/\",\"logo\":{\"@type\":\"ImageObject\",\"inLanguage\":\"en-GB\",\"@id\":\"https:\\\/\\\/www.travelreport.se\\\/#\\\/schema\\\/logo\\\/image\\\/\",\"url\":\"https:\\\/\\\/www.travelreport.se\\\/wp-content\\\/uploads\\\/2024\\\/01\\\/TravelReport-seo.jpeg\",\"contentUrl\":\"https:\\\/\\\/www.travelreport.se\\\/wp-content\\\/uploads\\\/2024\\\/01\\\/TravelReport-seo.jpeg\",\"width\":1200,\"height\":676,\"caption\":\"Travel Report\"},\"image\":{\"@id\":\"https:\\\/\\\/www.travelreport.se\\\/#\\\/schema\\\/logo\\\/image\\\/\"},\"sameAs\":[\"https:\\\/\\\/www.facebook.com\\\/inrikes\",\"https:\\\/\\\/www.instagram.com\\\/inrikes_magasin\\\/\"]},{\"@type\":\"Person\",\"@id\":\"https:\\\/\\\/www.travelreport.se\\\/#\\\/schema\\\/person\\\/6dae45163e775712127e85c446984260\",\"name\":\"Redaktion\"}]}<\/script>\n<!-- \/ Yoast SEO plugin. -->","yoast_head_json":{"title":"Etihad makes Gothenburg\u2013Abu Dhabi a year-round route before service starts \u2013 Travel Report","description":"Etihad makes Gothenburg\u2013Abu Dhabi a year-round route before the start of services \u2013 Read the latest news from the travel industry on Travel Report.","robots":{"index":"index","follow":"follow","max-snippet":"max-snippet:-1","max-image-preview":"max-image-preview:large","max-video-preview":"max-video-preview:-1"},"canonical":"https:\/\/www.travelreport.se\/en\/etihad-adds-gothenburg-to-abu-dhabi-year-round-line-before-service-starts\/","og_locale":"en_GB","og_type":"article","og_title":"Etihad g\u00f6r G\u00f6teborg\u2013Abu Dhabi till \u00e5ret runt-linje f\u00f6re trafikstart &#8211; Travel Report","og_description":"Etihad g\u00f6r G\u00f6teborg\u2013Abu Dhabi till \u00e5ret runt-linje f\u00f6re trafikstart \u2013 L\u00e4s senaste nyheterna fr\u00e5n resebranschen p\u00e5 Travel Report.","og_url":"https:\/\/www.travelreport.se\/en\/etihad-adds-gothenburg-to-abu-dhabi-year-round-line-before-service-starts\/","og_site_name":"Travel Report","article_publisher":"https:\/\/www.facebook.com\/inrikes","article_published_time":"2026-09-02T09:00:00+00:00","article_modified_time":"2026-09-02T13:25:07+00:00","og_image":[{"width":1300,"height":853,"url":"https:\/\/www.travelreport.se\/wp-content\/uploads\/2026\/08\/A321LR-1.jpg","type":"image\/jpeg"}],"author":"Redaktion","twitter_card":"summary_large_image","twitter_misc":{"Written by":"Redaktion","Estimated reading time":"2 minutes"},"schema":{"@context":"https:\/\/schema.org","@graph":[{"@type":"Article","@id":"https:\/\/www.travelreport.se\/etihad-gor-goteborg-abu-dhabi-till-aret-runt-linje-fore-trafikstart\/#article","isPartOf":{"@id":"https:\/\/www.travelreport.se\/etihad-gor-goteborg-abu-dhabi-till-aret-runt-linje-fore-trafikstart\/"},"author":{"name":"Redaktion","@id":"https:\/\/www.travelreport.se\/#\/schema\/person\/6dae45163e775712127e85c446984260"},"headline":"Etihad g\u00f6r G\u00f6teborg\u2013Abu Dhabi till \u00e5ret runt-linje f\u00f6re trafikstart","datePublished":"2026-09-02T09:00:00+00:00","dateModified":"2026-09-02T13:25:07+00:00","mainEntityOfPage":{"@id":"https:\/\/www.travelreport.se\/etihad-gor-goteborg-abu-dhabi-till-aret-runt-linje-fore-trafikstart\/"},"wordCount":367,"publisher":{"@id":"https:\/\/www.travelreport.se\/#organization"},"image":{"@id":"https:\/\/www.travelreport.se\/etihad-gor-goteborg-abu-dhabi-till-aret-runt-linje-fore-trafikstart\/#primaryimage"},"thumbnailUrl":"https:\/\/www.travelreport.se\/wp-content\/uploads\/2026\/08\/A321LR-1.jpg","keywords":["Abu Dhabi","\u00e5ret runt-linje","Direktflyg","direktlinje","Etihad","Etihad Airways","Flyg","Flygbolag","Flygplats","F\u00f6renade Arabemiraten","G\u00f6teborg","G\u00f6teborg Landvetter","internationella flyglinjer","l\u00e5ngdistansflyg","resa","trafikstart","Travel Report","turism","V\u00e4stsverige"],"articleSection":["Flyg"],"inLanguage":"en-GB"},{"@type":"WebPage","@id":"https:\/\/www.travelreport.se\/etihad-gor-goteborg-abu-dhabi-till-aret-runt-linje-fore-trafikstart\/","url":"https:\/\/www.travelreport.se\/etihad-gor-goteborg-abu-dhabi-till-aret-runt-linje-fore-trafikstart\/","name":"Etihad makes Gothenburg\u2013Abu Dhabi a year-round route before service starts \u2013 Travel Report","isPartOf":{"@id":"https:\/\/www.travelreport.se\/#website"},"primaryImageOfPage":{"@id":"https:\/\/www.travelreport.se\/etihad-gor-goteborg-abu-dhabi-till-aret-runt-linje-fore-trafikstart\/#primaryimage"},"image":{"@id":"https:\/\/www.travelreport.se\/etihad-gor-goteborg-abu-dhabi-till-aret-runt-linje-fore-trafikstart\/#primaryimage"},"thumbnailUrl":"https:\/\/www.travelreport.se\/wp-content\/uploads\/2026\/08\/A321LR-1.jpg","datePublished":"2026-09-02T09:00:00+00:00","dateModified":"2026-09-02T13:25:07+00:00","description":"Etihad makes Gothenburg\u2013Abu Dhabi a year-round route before the start of services \u2013 Read the latest news from the travel industry on Travel Report.","breadcrumb":{"@id":"https:\/\/www.travelreport.se\/etihad-gor-goteborg-abu-dhabi-till-aret-runt-linje-fore-trafikstart\/#breadcrumb"},"inLanguage":"en-GB","potentialAction":[{"@type":"ReadAction","target":["https:\/\/www.travelreport.se\/etihad-gor-goteborg-abu-dhabi-till-aret-runt-linje-fore-trafikstart\/"]}]},{"@type":"ImageObject","inLanguage":"en-GB","@id":"https:\/\/www.travelreport.se\/etihad-gor-goteborg-abu-dhabi-till-aret-runt-linje-fore-trafikstart\/#primaryimage","url":"https:\/\/www.travelreport.se\/wp-content\/uploads\/2026\/08\/A321LR-1.jpg","contentUrl":"https:\/\/www.travelreport.se\/wp-content\/uploads\/2026\/08\/A321LR-1.jpg","width":1300,"height":853,"caption":"Foto: Etihad Airways"},{"@type":"BreadcrumbList","@id":"https:\/\/www.travelreport.se\/etihad-gor-goteborg-abu-dhabi-till-aret-runt-linje-fore-trafikstart\/#breadcrumb","itemListElement":[{"@type":"ListItem","position":1,"name":"Flyg","item":"https:\/\/www.travelreport.se\/kategori\/flyg\/"},{"@type":"ListItem","position":2,"name":"Etihad g\u00f6r G\u00f6teborg\u2013Abu Dhabi till \u00e5ret runt-linje f\u00f6re trafikstart"}]},{"@type":"WebSite","@id":"https:\/\/www.travelreport.se\/#website","url":"https:\/\/www.travelreport.se\/","name":"Travel Report","description":"Latest travel industry news","publisher":{"@id":"https:\/\/www.travelreport.se\/#organization"},"potentialAction":[{"@type":"SearchAction","target":{"@type":"EntryPoint","urlTemplate":"https:\/\/www.travelreport.se\/?s={search_term_string}"},"query-input":{"@type":"PropertyValueSpecification","valueRequired":true,"valueName":"search_term_string"}}],"inLanguage":"en-GB"},{"@type":"Organization","@id":"https:\/\/www.travelreport.se\/#organization","name":"Travel Report","url":"https:\/\/www.travelreport.se\/","logo":{"@type":"ImageObject","inLanguage":"en-GB","@id":"https:\/\/www.travelreport.se\/#\/schema\/logo\/image\/","url":"https:\/\/www.travelreport.se\/wp-content\/uploads\/2024\/01\/TravelReport-seo.jpeg","contentUrl":"https:\/\/www.travelreport.se\/wp-content\/uploads\/2024\/01\/TravelReport-seo.jpeg","width":1200,"height":676,"caption":"Travel Report"},"image":{"@id":"https:\/\/www.travelreport.se\/#\/schema\/logo\/image\/"},"sameAs":["https:\/\/www.facebook.com\/inrikes","https:\/\/www.instagram.com\/inrikes_magasin\/"]},{"@type":"Person","@id":"https:\/\/www.travelreport.se\/#\/schema\/person\/6dae45163e775712127e85c446984260","name":"Editorial department"}]}},"views":30,"_links":{"self":[{"href":"https:\/\/www.travelreport.se\/en\/wp-json\/wp\/v2\/posts\/304906","targetHints":{"allow":["GET"]}}],"collection":[{"href":"https:\/\/www.travelreport.se\/en\/wp-json\/wp\/v2\/posts"}],"about":[{"href":"https:\/\/www.travelreport.se\/en\/wp-json\/wp\/v2\/types\/post"}],"author":[{"embeddable":true,"href":"https:\/\/www.travelreport.se\/en\/wp-json\/wp\/v2\/users\/25"}],"replies":[{"embeddable":true,"href":"https:\/\/www.travelreport.se\/en\/wp-json\/wp\/v2\/comments?post=304906"}],"version-history":[{"count":1,"href":"https:\/\/www.travelreport.se\/en\/wp-json\/wp\/v2\/posts\/304906\/revisions"}],"predecessor-version":[{"id":304907,"href":"https:\/\/www.travelreport.se\/en\/wp-json\/wp\/v2\/posts\/304906\/revisions\/304907"}],"wp:featuredmedia":[{"embeddable":true,"href":"https:\/\/www.travelreport.se\/en\/wp-json\/wp\/v2\/media\/304688"}],"wp:attachment":[{"href":"https:\/\/www.travelreport.se\/en\/wp-json\/wp\/v2\/media?parent=304906"}],"wp:term":[{"taxonomy":"category","embeddable":true,"href":"https:\/\/www.travelreport.se\/en\/wp-json\/wp\/v2\/categories?post=304906"},{"taxonomy":"post_tag","embeddable":true,"href":"https:\/\/www.travelreport.se\/en\/wp-json\/wp\/v2\/tags?post=304906"}],"curies":[{"name":"wp","href":"https:\/\/api.w.org\/{rel}","templated":true}]}}