{"id":304913,"date":"2026-09-02T14:56:39","date_gmt":"2026-09-02T12:56:39","guid":{"rendered":"https:\/\/www.travelreport.se\/?p=304913"},"modified":"2026-09-02T15:25:39","modified_gmt":"2026-09-02T13:25:39","slug":"julius-bengtsson-becomes-new-airport-manager-at-visby-airport","status":"publish","type":"post","link":"https:\/\/www.travelreport.se\/en\/julius-bengtsson-blir-ny-flygplatschef-pa-visby-airport\/","title":{"rendered":"Julius Bengtsson becomes new airport manager at Visby Airport"},"content":{"rendered":"<p class=\"wp-block-paragraph\">Julius Bengtsson will be the new airport manager at Visby Airport. He most recently came from the role as President and CEO of Geab and will take up his new position at Swedavia on January 18, 2027.<\/p>\n\n\n\n<p class=\"wp-block-paragraph\">Julius Bengtsson has held several senior positions within Geab and is currently the company&#039;s President and CEO. He will remain in the position until the transfer to Swedavia in January.<\/p>\n\n\n\n<p class=\"wp-block-paragraph\">Bengtsson has a Master&#039;s degree in Economics from the Stockholm School of Economics and has experience in business and operations development, among other things. He has previously worked with investment issues at Science Park Gotland and as a management consultant in Stockholm.<\/p>\n\n\n\n<p class=\"wp-block-paragraph\">\u2013 With his broad experience in leadership and business development in customer-facing operations, he will be a strong addition to both Swedavia and Visby Airport, says Karin \u00d6hrstr\u00f6m, Director Regional Airports at Swedavia.<\/p>\n\n\n\n<h4 class=\"wp-block-heading\">Will develop Gotland&#039;s accessibility<\/h4>\n\n\n\n<p class=\"wp-block-paragraph\">Visby Airport plays a central role in Gotland&#039;s connections with the mainland and for the region&#039;s tourism industry. In his new role, Bengtsson will work on the airport&#039;s continued development and Swedavia&#039;s transformation efforts.<\/p>\n\n\n\n<p class=\"wp-block-paragraph\">\u2013 The airport is central to both accessibility and development of the region and for me it means a fantastic opportunity to, together with colleagues and partners at the airport, help strengthen Gotland while contributing to the climate transition, says Julius Bengtsson.<\/p>\n\n\n\n<p class=\"wp-block-paragraph\">He will take office as airport manager on January 18, 2027.<\/p>\n\n\n\n<p class=\"wp-block-paragraph\"><\/p>","protected":false},"excerpt":{"rendered":"<p>Julius Bengtsson blir ny flygplatschef p\u00e5 Visby Airport. Han kommer n\u00e4rmast fr\u00e5n rollen som vd och koncernchef f\u00f6r Geab och tilltr\u00e4der sin nya tj\u00e4nst p\u00e5 Swedavia den 18 januari 2027. Julius Bengtsson har haft flera ledande befattningar inom Geab och \u00e4r i dag bolagets vd och koncernchef. Han stannar kvar p\u00e5 posten fram till \u00f6verg\u00e5ngen [&hellip;]<\/p>\n","protected":false},"author":25,"featured_media":304914,"comment_status":"closed","ping_status":"closed","sticky":false,"template":"","format":"standard","meta":{"_acf_changed":false,"footnotes":""},"categories":[4094],"tags":[85,2977,312,4967,9648,627,9642,8696,8807,8836,240,7713,7785,678,710],"class_list":["post-304913","post","type-post","status-publish","format-standard","has-post-thumbnail","hentry","category-ny-pa-jobbet","tag-flyg","tag-flygbranschen","tag-tag-flygplats","tag-flygplatschef","tag-flygplatsledning","tag-gotland","tag-julius-bengtsson","tag-ledarskifte","tag-regional-flygtrafik","tag-svenska-flygplatser","tag-swedavia","tag-tillganglighet","tag-travel-report","tag-visby","tag-visby-airport"],"acf":[],"yoast_head":"<!-- This site is optimized with the Yoast SEO plugin v28.4 - https:\/\/yoast.com\/product\/yoast-seo-wordpress\/ -->\n<title>Julius Bengtsson blir ny flygplatschef p\u00e5 Visby Airport &#8211; Travel Report<\/title>\n<meta name=\"description\" content=\"Julius Bengtsson blir ny flygplatschef p\u00e5 Visby Airport \u2013 L\u00e4s senaste nyheterna fr\u00e5n resebranschen p\u00e5 Travel Report.\" \/>\n<meta name=\"robots\" content=\"index, follow, max-snippet:-1, max-image-preview:large, max-video-preview:-1\" \/>\n<link rel=\"canonical\" href=\"https:\/\/www.travelreport.se\/en\/julius-bengtsson-becomes-new-airport-manager-at-visby-airport\/\" \/>\n<meta property=\"og:locale\" content=\"en_GB\" \/>\n<meta property=\"og:type\" content=\"article\" \/>\n<meta property=\"og:title\" content=\"Julius Bengtsson blir ny flygplatschef p\u00e5 Visby Airport &#8211; Travel Report\" \/>\n<meta property=\"og:description\" content=\"Julius Bengtsson blir ny flygplatschef p\u00e5 Visby Airport \u2013 L\u00e4s senaste nyheterna fr\u00e5n resebranschen p\u00e5 Travel Report.\" \/>\n<meta property=\"og:url\" content=\"https:\/\/www.travelreport.se\/en\/julius-bengtsson-becomes-new-airport-manager-at-visby-airport\/\" \/>\n<meta property=\"og:site_name\" content=\"Travel Report\" \/>\n<meta property=\"article:publisher\" content=\"https:\/\/www.facebook.com\/inrikes\" \/>\n<meta property=\"article:published_time\" content=\"2026-09-02T12:56:39+00:00\" \/>\n<meta property=\"article:modified_time\" content=\"2026-09-02T13:25:39+00:00\" \/>\n<meta property=\"og:image\" content=\"https:\/\/www.travelreport.se\/wp-content\/uploads\/2026\/09\/af88ea3c3de1fa18_800x800ar.jpg\" \/>\n\t<meta property=\"og:image:width\" content=\"800\" \/>\n\t<meta property=\"og:image:height\" content=\"533\" \/>\n\t<meta property=\"og:image:type\" content=\"image\/jpeg\" \/>\n<meta name=\"author\" content=\"Redaktion\" \/>\n<meta name=\"twitter:card\" content=\"summary_large_image\" \/>\n<meta name=\"twitter:label1\" content=\"Written by\" \/>\n\t<meta name=\"twitter:data1\" content=\"Redaktion\" \/>\n\t<meta name=\"twitter:label2\" content=\"Estimated reading time\" \/>\n\t<meta name=\"twitter:data2\" content=\"2 minutes\" \/>\n<script type=\"application\/ld+json\" class=\"yoast-schema-graph\">{\"@context\":\"https:\\\/\\\/schema.org\",\"@graph\":[{\"@type\":\"Article\",\"@id\":\"https:\\\/\\\/www.travelreport.se\\\/julius-bengtsson-blir-ny-flygplatschef-pa-visby-airport\\\/#article\",\"isPartOf\":{\"@id\":\"https:\\\/\\\/www.travelreport.se\\\/julius-bengtsson-blir-ny-flygplatschef-pa-visby-airport\\\/\"},\"author\":{\"name\":\"Redaktion\",\"@id\":\"https:\\\/\\\/www.travelreport.se\\\/#\\\/schema\\\/person\\\/6dae45163e775712127e85c446984260\"},\"headline\":\"Julius Bengtsson blir ny flygplatschef p\u00e5 Visby Airport\",\"datePublished\":\"2026-09-02T12:56:39+00:00\",\"dateModified\":\"2026-09-02T13:25:39+00:00\",\"mainEntityOfPage\":{\"@id\":\"https:\\\/\\\/www.travelreport.se\\\/julius-bengtsson-blir-ny-flygplatschef-pa-visby-airport\\\/\"},\"wordCount\":245,\"publisher\":{\"@id\":\"https:\\\/\\\/www.travelreport.se\\\/#organization\"},\"image\":{\"@id\":\"https:\\\/\\\/www.travelreport.se\\\/julius-bengtsson-blir-ny-flygplatschef-pa-visby-airport\\\/#primaryimage\"},\"thumbnailUrl\":\"https:\\\/\\\/www.travelreport.se\\\/wp-content\\\/uploads\\\/2026\\\/09\\\/af88ea3c3de1fa18_800x800ar.jpg\",\"keywords\":[\"flyg\",\"flygbranschen\",\"Flygplats\",\"flygplatschef\",\"flygplatsledning\",\"Gotland\",\"julius bengtsson\",\"ledarskifte\",\"regional flygtrafik\",\"svenska flygplatser\",\"swedavia\",\"tillg\u00e4nglighet\",\"Travel Report\",\"Visby\",\"Visby Airport\"],\"articleSection\":[\"Ny p\u00e5 jobbet\"],\"inLanguage\":\"en-GB\"},{\"@type\":\"WebPage\",\"@id\":\"https:\\\/\\\/www.travelreport.se\\\/julius-bengtsson-blir-ny-flygplatschef-pa-visby-airport\\\/\",\"url\":\"https:\\\/\\\/www.travelreport.se\\\/julius-bengtsson-blir-ny-flygplatschef-pa-visby-airport\\\/\",\"name\":\"Julius Bengtsson blir ny flygplatschef p\u00e5 Visby Airport &#8211; Travel Report\",\"isPartOf\":{\"@id\":\"https:\\\/\\\/www.travelreport.se\\\/#website\"},\"primaryImageOfPage\":{\"@id\":\"https:\\\/\\\/www.travelreport.se\\\/julius-bengtsson-blir-ny-flygplatschef-pa-visby-airport\\\/#primaryimage\"},\"image\":{\"@id\":\"https:\\\/\\\/www.travelreport.se\\\/julius-bengtsson-blir-ny-flygplatschef-pa-visby-airport\\\/#primaryimage\"},\"thumbnailUrl\":\"https:\\\/\\\/www.travelreport.se\\\/wp-content\\\/uploads\\\/2026\\\/09\\\/af88ea3c3de1fa18_800x800ar.jpg\",\"datePublished\":\"2026-09-02T12:56:39+00:00\",\"dateModified\":\"2026-09-02T13:25:39+00:00\",\"description\":\"Julius Bengtsson blir ny flygplatschef p\u00e5 Visby Airport \u2013 L\u00e4s senaste nyheterna fr\u00e5n resebranschen p\u00e5 Travel Report.\",\"breadcrumb\":{\"@id\":\"https:\\\/\\\/www.travelreport.se\\\/julius-bengtsson-blir-ny-flygplatschef-pa-visby-airport\\\/#breadcrumb\"},\"inLanguage\":\"en-GB\",\"potentialAction\":[{\"@type\":\"ReadAction\",\"target\":[\"https:\\\/\\\/www.travelreport.se\\\/julius-bengtsson-blir-ny-flygplatschef-pa-visby-airport\\\/\"]}]},{\"@type\":\"ImageObject\",\"inLanguage\":\"en-GB\",\"@id\":\"https:\\\/\\\/www.travelreport.se\\\/julius-bengtsson-blir-ny-flygplatschef-pa-visby-airport\\\/#primaryimage\",\"url\":\"https:\\\/\\\/www.travelreport.se\\\/wp-content\\\/uploads\\\/2026\\\/09\\\/af88ea3c3de1fa18_800x800ar.jpg\",\"contentUrl\":\"https:\\\/\\\/www.travelreport.se\\\/wp-content\\\/uploads\\\/2026\\\/09\\\/af88ea3c3de1fa18_800x800ar.jpg\",\"width\":800,\"height\":533,\"caption\":\"Foto: Swedavia\"},{\"@type\":\"BreadcrumbList\",\"@id\":\"https:\\\/\\\/www.travelreport.se\\\/julius-bengtsson-blir-ny-flygplatschef-pa-visby-airport\\\/#breadcrumb\",\"itemListElement\":[{\"@type\":\"ListItem\",\"position\":1,\"name\":\"Ny p\u00e5 jobbet\",\"item\":\"https:\\\/\\\/www.travelreport.se\\\/kategori\\\/ny-pa-jobbet\\\/\"},{\"@type\":\"ListItem\",\"position\":2,\"name\":\"Julius Bengtsson blir ny flygplatschef p\u00e5 Visby Airport\"}]},{\"@type\":\"WebSite\",\"@id\":\"https:\\\/\\\/www.travelreport.se\\\/#website\",\"url\":\"https:\\\/\\\/www.travelreport.se\\\/\",\"name\":\"Travel Report\",\"description\":\"Senaste nyheterna inom Resebranschen\",\"publisher\":{\"@id\":\"https:\\\/\\\/www.travelreport.se\\\/#organization\"},\"potentialAction\":[{\"@type\":\"SearchAction\",\"target\":{\"@type\":\"EntryPoint\",\"urlTemplate\":\"https:\\\/\\\/www.travelreport.se\\\/?s={search_term_string}\"},\"query-input\":{\"@type\":\"PropertyValueSpecification\",\"valueRequired\":true,\"valueName\":\"search_term_string\"}}],\"inLanguage\":\"en-GB\"},{\"@type\":\"Organization\",\"@id\":\"https:\\\/\\\/www.travelreport.se\\\/#organization\",\"name\":\"Travel Report\",\"url\":\"https:\\\/\\\/www.travelreport.se\\\/\",\"logo\":{\"@type\":\"ImageObject\",\"inLanguage\":\"en-GB\",\"@id\":\"https:\\\/\\\/www.travelreport.se\\\/#\\\/schema\\\/logo\\\/image\\\/\",\"url\":\"https:\\\/\\\/www.travelreport.se\\\/wp-content\\\/uploads\\\/2024\\\/01\\\/TravelReport-seo.jpeg\",\"contentUrl\":\"https:\\\/\\\/www.travelreport.se\\\/wp-content\\\/uploads\\\/2024\\\/01\\\/TravelReport-seo.jpeg\",\"width\":1200,\"height\":676,\"caption\":\"Travel Report\"},\"image\":{\"@id\":\"https:\\\/\\\/www.travelreport.se\\\/#\\\/schema\\\/logo\\\/image\\\/\"},\"sameAs\":[\"https:\\\/\\\/www.facebook.com\\\/inrikes\",\"https:\\\/\\\/www.instagram.com\\\/inrikes_magasin\\\/\"]},{\"@type\":\"Person\",\"@id\":\"https:\\\/\\\/www.travelreport.se\\\/#\\\/schema\\\/person\\\/6dae45163e775712127e85c446984260\",\"name\":\"Redaktion\"}]}<\/script>\n<!-- \/ Yoast SEO plugin. -->","yoast_head_json":{"title":"Julius Bengtsson blir ny flygplatschef p\u00e5 Visby Airport &#8211; Travel Report","description":"Julius Bengtsson blir ny flygplatschef p\u00e5 Visby Airport \u2013 L\u00e4s senaste nyheterna fr\u00e5n resebranschen p\u00e5 Travel Report.","robots":{"index":"index","follow":"follow","max-snippet":"max-snippet:-1","max-image-preview":"max-image-preview:large","max-video-preview":"max-video-preview:-1"},"canonical":"https:\/\/www.travelreport.se\/en\/julius-bengtsson-becomes-new-airport-manager-at-visby-airport\/","og_locale":"en_GB","og_type":"article","og_title":"Julius Bengtsson blir ny flygplatschef p\u00e5 Visby Airport &#8211; Travel Report","og_description":"Julius Bengtsson blir ny flygplatschef p\u00e5 Visby Airport \u2013 L\u00e4s senaste nyheterna fr\u00e5n resebranschen p\u00e5 Travel Report.","og_url":"https:\/\/www.travelreport.se\/en\/julius-bengtsson-becomes-new-airport-manager-at-visby-airport\/","og_site_name":"Travel Report","article_publisher":"https:\/\/www.facebook.com\/inrikes","article_published_time":"2026-09-02T12:56:39+00:00","article_modified_time":"2026-09-02T13:25:39+00:00","og_image":[{"width":800,"height":533,"url":"https:\/\/www.travelreport.se\/wp-content\/uploads\/2026\/09\/af88ea3c3de1fa18_800x800ar.jpg","type":"image\/jpeg"}],"author":"Redaktion","twitter_card":"summary_large_image","twitter_misc":{"Written by":"Redaktion","Estimated reading time":"2 minutes"},"schema":{"@context":"https:\/\/schema.org","@graph":[{"@type":"Article","@id":"https:\/\/www.travelreport.se\/julius-bengtsson-blir-ny-flygplatschef-pa-visby-airport\/#article","isPartOf":{"@id":"https:\/\/www.travelreport.se\/julius-bengtsson-blir-ny-flygplatschef-pa-visby-airport\/"},"author":{"name":"Redaktion","@id":"https:\/\/www.travelreport.se\/#\/schema\/person\/6dae45163e775712127e85c446984260"},"headline":"Julius Bengtsson blir ny flygplatschef p\u00e5 Visby Airport","datePublished":"2026-09-02T12:56:39+00:00","dateModified":"2026-09-02T13:25:39+00:00","mainEntityOfPage":{"@id":"https:\/\/www.travelreport.se\/julius-bengtsson-blir-ny-flygplatschef-pa-visby-airport\/"},"wordCount":245,"publisher":{"@id":"https:\/\/www.travelreport.se\/#organization"},"image":{"@id":"https:\/\/www.travelreport.se\/julius-bengtsson-blir-ny-flygplatschef-pa-visby-airport\/#primaryimage"},"thumbnailUrl":"https:\/\/www.travelreport.se\/wp-content\/uploads\/2026\/09\/af88ea3c3de1fa18_800x800ar.jpg","keywords":["flyg","flygbranschen","Flygplats","flygplatschef","flygplatsledning","Gotland","julius bengtsson","ledarskifte","regional flygtrafik","svenska flygplatser","swedavia","tillg\u00e4nglighet","Travel Report","Visby","Visby Airport"],"articleSection":["Ny p\u00e5 jobbet"],"inLanguage":"en-GB"},{"@type":"WebPage","@id":"https:\/\/www.travelreport.se\/julius-bengtsson-blir-ny-flygplatschef-pa-visby-airport\/","url":"https:\/\/www.travelreport.se\/julius-bengtsson-blir-ny-flygplatschef-pa-visby-airport\/","name":"Julius Bengtsson blir ny flygplatschef p\u00e5 Visby Airport &#8211; Travel Report","isPartOf":{"@id":"https:\/\/www.travelreport.se\/#website"},"primaryImageOfPage":{"@id":"https:\/\/www.travelreport.se\/julius-bengtsson-blir-ny-flygplatschef-pa-visby-airport\/#primaryimage"},"image":{"@id":"https:\/\/www.travelreport.se\/julius-bengtsson-blir-ny-flygplatschef-pa-visby-airport\/#primaryimage"},"thumbnailUrl":"https:\/\/www.travelreport.se\/wp-content\/uploads\/2026\/09\/af88ea3c3de1fa18_800x800ar.jpg","datePublished":"2026-09-02T12:56:39+00:00","dateModified":"2026-09-02T13:25:39+00:00","description":"Julius Bengtsson blir ny flygplatschef p\u00e5 Visby Airport \u2013 L\u00e4s senaste nyheterna fr\u00e5n resebranschen p\u00e5 Travel Report.","breadcrumb":{"@id":"https:\/\/www.travelreport.se\/julius-bengtsson-blir-ny-flygplatschef-pa-visby-airport\/#breadcrumb"},"inLanguage":"en-GB","potentialAction":[{"@type":"ReadAction","target":["https:\/\/www.travelreport.se\/julius-bengtsson-blir-ny-flygplatschef-pa-visby-airport\/"]}]},{"@type":"ImageObject","inLanguage":"en-GB","@id":"https:\/\/www.travelreport.se\/julius-bengtsson-blir-ny-flygplatschef-pa-visby-airport\/#primaryimage","url":"https:\/\/www.travelreport.se\/wp-content\/uploads\/2026\/09\/af88ea3c3de1fa18_800x800ar.jpg","contentUrl":"https:\/\/www.travelreport.se\/wp-content\/uploads\/2026\/09\/af88ea3c3de1fa18_800x800ar.jpg","width":800,"height":533,"caption":"Foto: Swedavia"},{"@type":"BreadcrumbList","@id":"https:\/\/www.travelreport.se\/julius-bengtsson-blir-ny-flygplatschef-pa-visby-airport\/#breadcrumb","itemListElement":[{"@type":"ListItem","position":1,"name":"Ny p\u00e5 jobbet","item":"https:\/\/www.travelreport.se\/kategori\/ny-pa-jobbet\/"},{"@type":"ListItem","position":2,"name":"Julius Bengtsson blir ny flygplatschef p\u00e5 Visby Airport"}]},{"@type":"WebSite","@id":"https:\/\/www.travelreport.se\/#website","url":"https:\/\/www.travelreport.se\/","name":"Travel Report","description":"Latest travel industry news","publisher":{"@id":"https:\/\/www.travelreport.se\/#organization"},"potentialAction":[{"@type":"SearchAction","target":{"@type":"EntryPoint","urlTemplate":"https:\/\/www.travelreport.se\/?s={search_term_string}"},"query-input":{"@type":"PropertyValueSpecification","valueRequired":true,"valueName":"search_term_string"}}],"inLanguage":"en-GB"},{"@type":"Organization","@id":"https:\/\/www.travelreport.se\/#organization","name":"Travel Report","url":"https:\/\/www.travelreport.se\/","logo":{"@type":"ImageObject","inLanguage":"en-GB","@id":"https:\/\/www.travelreport.se\/#\/schema\/logo\/image\/","url":"https:\/\/www.travelreport.se\/wp-content\/uploads\/2024\/01\/TravelReport-seo.jpeg","contentUrl":"https:\/\/www.travelreport.se\/wp-content\/uploads\/2024\/01\/TravelReport-seo.jpeg","width":1200,"height":676,"caption":"Travel Report"},"image":{"@id":"https:\/\/www.travelreport.se\/#\/schema\/logo\/image\/"},"sameAs":["https:\/\/www.facebook.com\/inrikes","https:\/\/www.instagram.com\/inrikes_magasin\/"]},{"@type":"Person","@id":"https:\/\/www.travelreport.se\/#\/schema\/person\/6dae45163e775712127e85c446984260","name":"Editorial department"}]}},"views":10,"_links":{"self":[{"href":"https:\/\/www.travelreport.se\/en\/wp-json\/wp\/v2\/posts\/304913","targetHints":{"allow":["GET"]}}],"collection":[{"href":"https:\/\/www.travelreport.se\/en\/wp-json\/wp\/v2\/posts"}],"about":[{"href":"https:\/\/www.travelreport.se\/en\/wp-json\/wp\/v2\/types\/post"}],"author":[{"embeddable":true,"href":"https:\/\/www.travelreport.se\/en\/wp-json\/wp\/v2\/users\/25"}],"replies":[{"embeddable":true,"href":"https:\/\/www.travelreport.se\/en\/wp-json\/wp\/v2\/comments?post=304913"}],"version-history":[{"count":1,"href":"https:\/\/www.travelreport.se\/en\/wp-json\/wp\/v2\/posts\/304913\/revisions"}],"predecessor-version":[{"id":304915,"href":"https:\/\/www.travelreport.se\/en\/wp-json\/wp\/v2\/posts\/304913\/revisions\/304915"}],"wp:featuredmedia":[{"embeddable":true,"href":"https:\/\/www.travelreport.se\/en\/wp-json\/wp\/v2\/media\/304914"}],"wp:attachment":[{"href":"https:\/\/www.travelreport.se\/en\/wp-json\/wp\/v2\/media?parent=304913"}],"wp:term":[{"taxonomy":"category","embeddable":true,"href":"https:\/\/www.travelreport.se\/en\/wp-json\/wp\/v2\/categories?post=304913"},{"taxonomy":"post_tag","embeddable":true,"href":"https:\/\/www.travelreport.se\/en\/wp-json\/wp\/v2\/tags?post=304913"}],"curies":[{"name":"wp","href":"https:\/\/api.w.org\/{rel}","templated":true}]}}