{"id":304920,"date":"2026-09-03T06:29:54","date_gmt":"2026-09-03T04:29:54","guid":{"rendered":"https:\/\/www.travelreport.se\/?p=304920"},"modified":"2026-09-03T06:34:13","modified_gmt":"2026-09-03T04:34:13","slug":"taxi-giant-to-lay-off-3300-people","status":"publish","type":"post","link":"https:\/\/www.travelreport.se\/en\/taxijatten-ska-sparka-3-300-personer\/","title":{"rendered":"The taxi giant will fire 3,300 people"},"content":{"rendered":"<p class=\"wp-block-paragraph\">Taxi giant Uber is to reduce its workforce by about 10 percent, or 3,300 people, Bloomberg reports, citing an email from Uber CEO Dara Khosrowshahi.<\/p>\n\n\n\n<p class=\"wp-block-paragraph\">Managers are particularly hard hit by the reorganization, and according to Bloomberg, around 20 percent of all management positions at the company will be eliminated.<\/p>\n\n\n\n<p class=\"wp-block-paragraph\">After the cuts, Uber will have just under 30,000 employees, which is the same level as in 2021.<\/p>\n\n\n\n<p class=\"wp-block-paragraph\">The stock rose 2 percent in Wednesday&#039;s US pre-trade.<\/p>\n\n\n\n<p class=\"wp-block-paragraph\">Source:DI.se<\/p>","protected":false},"excerpt":{"rendered":"<p>Taxij\u00e4tten Uber ska minska antalet anst\u00e4llda med omkring 10 procent eller 3.300 personer. Det rapporterar Bloomberg med h\u00e4nvisning till ett mejl fr\u00e5n Ubers vd Dara Khosrowshahi. Chefer \u00e4r extra\u00a0h\u00e5rt drabbade av omorganiseringen och enligt Bloomberg ska omkring 20 procent av alla chefstj\u00e4nster p\u00e5 bolaget bort. Efter nedsk\u00e4rningar kommer Uber ha knappt 30.000 anst\u00e4llda vilket \u00e4r [&hellip;]<\/p>\n","protected":false},"author":25,"featured_media":296287,"comment_status":"closed","ping_status":"closed","sticky":false,"template":"","format":"standard","meta":{"_acf_changed":false,"footnotes":""},"categories":[184],"tags":[9655,7671,7540,1168,9657,9656,420,3687,230,9654,9653,9658,7785,432,5496],"class_list":["post-304920","post","type-post","status-publish","format-standard","has-post-thumbnail","hentry","category-turism","tag-3-300-personer","tag-kostnadsbesparingar","tag-mobilitet","tag-nedskarningar","tag-omstrukturering","tag-personalneddragningar","tag-resenarer","tag-sparpaket","tag-taxi-travelguiden","tag-taxibranschen","tag-taxijatte","tag-transportbranschen","tag-travel-report","tag-uber","tag-uppsagningar"],"acf":[],"yoast_head":"<!-- This site is optimized with the Yoast SEO plugin v28.4 - https:\/\/yoast.com\/product\/yoast-seo-wordpress\/ -->\n<title>Taxij\u00e4tten ska sparka 3.300 personer &#8211; Travel Report<\/title>\n<meta name=\"description\" content=\"Taxij\u00e4tten ska sparka 3.300 personer \u2013 L\u00e4s senaste nyheterna fr\u00e5n resebranschen p\u00e5 Travel Report.\" \/>\n<meta name=\"robots\" content=\"index, follow, max-snippet:-1, max-image-preview:large, max-video-preview:-1\" \/>\n<link rel=\"canonical\" href=\"https:\/\/www.travelreport.se\/en\/taxi-giant-to-lay-off-3300-people\/\" \/>\n<meta property=\"og:locale\" content=\"en_GB\" \/>\n<meta property=\"og:type\" content=\"article\" \/>\n<meta property=\"og:title\" content=\"Taxij\u00e4tten ska sparka 3.300 personer &#8211; Travel Report\" \/>\n<meta property=\"og:description\" content=\"Taxij\u00e4tten ska sparka 3.300 personer \u2013 L\u00e4s senaste nyheterna fr\u00e5n resebranschen p\u00e5 Travel Report.\" \/>\n<meta property=\"og:url\" content=\"https:\/\/www.travelreport.se\/en\/taxi-giant-to-lay-off-3300-people\/\" \/>\n<meta property=\"og:site_name\" content=\"Travel Report\" \/>\n<meta property=\"article:publisher\" content=\"https:\/\/www.facebook.com\/inrikes\" \/>\n<meta property=\"article:published_time\" content=\"2026-09-03T04:29:54+00:00\" \/>\n<meta property=\"article:modified_time\" content=\"2026-09-03T04:34:13+00:00\" \/>\n<meta property=\"og:image\" content=\"https:\/\/www.travelreport.se\/wp-content\/uploads\/2024\/04\/Uber.jpg\" \/>\n\t<meta property=\"og:image:width\" content=\"1330\" \/>\n\t<meta property=\"og:image:height\" content=\"714\" \/>\n\t<meta property=\"og:image:type\" content=\"image\/jpeg\" \/>\n<meta name=\"author\" content=\"Redaktion\" \/>\n<meta name=\"twitter:card\" content=\"summary_large_image\" \/>\n<meta name=\"twitter:label1\" content=\"Written by\" \/>\n\t<meta name=\"twitter:data1\" content=\"Redaktion\" \/>\n\t<meta name=\"twitter:label2\" content=\"Estimated reading time\" \/>\n\t<meta name=\"twitter:data2\" content=\"1 minute\" \/>\n<script type=\"application\/ld+json\" class=\"yoast-schema-graph\">{\"@context\":\"https:\\\/\\\/schema.org\",\"@graph\":[{\"@type\":\"Article\",\"@id\":\"https:\\\/\\\/www.travelreport.se\\\/taxijatten-ska-sparka-3-300-personer\\\/#article\",\"isPartOf\":{\"@id\":\"https:\\\/\\\/www.travelreport.se\\\/taxijatten-ska-sparka-3-300-personer\\\/\"},\"author\":{\"name\":\"Redaktion\",\"@id\":\"https:\\\/\\\/www.travelreport.se\\\/#\\\/schema\\\/person\\\/6dae45163e775712127e85c446984260\"},\"headline\":\"Taxij\u00e4tten ska sparka 3.300 personer\",\"datePublished\":\"2026-09-03T04:29:54+00:00\",\"dateModified\":\"2026-09-03T04:34:13+00:00\",\"mainEntityOfPage\":{\"@id\":\"https:\\\/\\\/www.travelreport.se\\\/taxijatten-ska-sparka-3-300-personer\\\/\"},\"wordCount\":81,\"publisher\":{\"@id\":\"https:\\\/\\\/www.travelreport.se\\\/#organization\"},\"image\":{\"@id\":\"https:\\\/\\\/www.travelreport.se\\\/taxijatten-ska-sparka-3-300-personer\\\/#primaryimage\"},\"thumbnailUrl\":\"https:\\\/\\\/www.travelreport.se\\\/wp-content\\\/uploads\\\/2024\\\/04\\\/Uber.jpg\",\"keywords\":[\"3 300 personer\",\"kostnadsbesparingar\",\"mobilitet\",\"nedsk\u00e4rningar\",\"omstrukturering\",\"personalneddragningar\",\"resen\u00e4rer\",\"sparpaket\",\"Taxi\",\"taxibranschen\",\"taxij\u00e4tte\",\"transportbranschen\",\"Travel Report\",\"uber\",\"upps\u00e4gningar\"],\"articleSection\":[\"Turism\"],\"inLanguage\":\"en-GB\"},{\"@type\":\"WebPage\",\"@id\":\"https:\\\/\\\/www.travelreport.se\\\/taxijatten-ska-sparka-3-300-personer\\\/\",\"url\":\"https:\\\/\\\/www.travelreport.se\\\/taxijatten-ska-sparka-3-300-personer\\\/\",\"name\":\"Taxij\u00e4tten ska sparka 3.300 personer &#8211; Travel Report\",\"isPartOf\":{\"@id\":\"https:\\\/\\\/www.travelreport.se\\\/#website\"},\"primaryImageOfPage\":{\"@id\":\"https:\\\/\\\/www.travelreport.se\\\/taxijatten-ska-sparka-3-300-personer\\\/#primaryimage\"},\"image\":{\"@id\":\"https:\\\/\\\/www.travelreport.se\\\/taxijatten-ska-sparka-3-300-personer\\\/#primaryimage\"},\"thumbnailUrl\":\"https:\\\/\\\/www.travelreport.se\\\/wp-content\\\/uploads\\\/2024\\\/04\\\/Uber.jpg\",\"datePublished\":\"2026-09-03T04:29:54+00:00\",\"dateModified\":\"2026-09-03T04:34:13+00:00\",\"description\":\"Taxij\u00e4tten ska sparka 3.300 personer \u2013 L\u00e4s senaste nyheterna fr\u00e5n resebranschen p\u00e5 Travel Report.\",\"breadcrumb\":{\"@id\":\"https:\\\/\\\/www.travelreport.se\\\/taxijatten-ska-sparka-3-300-personer\\\/#breadcrumb\"},\"inLanguage\":\"en-GB\",\"potentialAction\":[{\"@type\":\"ReadAction\",\"target\":[\"https:\\\/\\\/www.travelreport.se\\\/taxijatten-ska-sparka-3-300-personer\\\/\"]}]},{\"@type\":\"ImageObject\",\"inLanguage\":\"en-GB\",\"@id\":\"https:\\\/\\\/www.travelreport.se\\\/taxijatten-ska-sparka-3-300-personer\\\/#primaryimage\",\"url\":\"https:\\\/\\\/www.travelreport.se\\\/wp-content\\\/uploads\\\/2024\\\/04\\\/Uber.jpg\",\"contentUrl\":\"https:\\\/\\\/www.travelreport.se\\\/wp-content\\\/uploads\\\/2024\\\/04\\\/Uber.jpg\",\"width\":1330,\"height\":714,\"caption\":\"Foto:Uber\"},{\"@type\":\"BreadcrumbList\",\"@id\":\"https:\\\/\\\/www.travelreport.se\\\/taxijatten-ska-sparka-3-300-personer\\\/#breadcrumb\",\"itemListElement\":[{\"@type\":\"ListItem\",\"position\":1,\"name\":\"Turism\",\"item\":\"https:\\\/\\\/www.travelreport.se\\\/kategori\\\/turism\\\/\"},{\"@type\":\"ListItem\",\"position\":2,\"name\":\"Taxij\u00e4tten ska sparka 3.300 personer\"}]},{\"@type\":\"WebSite\",\"@id\":\"https:\\\/\\\/www.travelreport.se\\\/#website\",\"url\":\"https:\\\/\\\/www.travelreport.se\\\/\",\"name\":\"Travel Report\",\"description\":\"Senaste nyheterna inom Resebranschen\",\"publisher\":{\"@id\":\"https:\\\/\\\/www.travelreport.se\\\/#organization\"},\"potentialAction\":[{\"@type\":\"SearchAction\",\"target\":{\"@type\":\"EntryPoint\",\"urlTemplate\":\"https:\\\/\\\/www.travelreport.se\\\/?s={search_term_string}\"},\"query-input\":{\"@type\":\"PropertyValueSpecification\",\"valueRequired\":true,\"valueName\":\"search_term_string\"}}],\"inLanguage\":\"en-GB\"},{\"@type\":\"Organization\",\"@id\":\"https:\\\/\\\/www.travelreport.se\\\/#organization\",\"name\":\"Travel Report\",\"url\":\"https:\\\/\\\/www.travelreport.se\\\/\",\"logo\":{\"@type\":\"ImageObject\",\"inLanguage\":\"en-GB\",\"@id\":\"https:\\\/\\\/www.travelreport.se\\\/#\\\/schema\\\/logo\\\/image\\\/\",\"url\":\"https:\\\/\\\/www.travelreport.se\\\/wp-content\\\/uploads\\\/2024\\\/01\\\/TravelReport-seo.jpeg\",\"contentUrl\":\"https:\\\/\\\/www.travelreport.se\\\/wp-content\\\/uploads\\\/2024\\\/01\\\/TravelReport-seo.jpeg\",\"width\":1200,\"height\":676,\"caption\":\"Travel Report\"},\"image\":{\"@id\":\"https:\\\/\\\/www.travelreport.se\\\/#\\\/schema\\\/logo\\\/image\\\/\"},\"sameAs\":[\"https:\\\/\\\/www.facebook.com\\\/inrikes\",\"https:\\\/\\\/www.instagram.com\\\/inrikes_magasin\\\/\"]},{\"@type\":\"Person\",\"@id\":\"https:\\\/\\\/www.travelreport.se\\\/#\\\/schema\\\/person\\\/6dae45163e775712127e85c446984260\",\"name\":\"Redaktion\"}]}<\/script>\n<!-- \/ Yoast SEO plugin. -->","yoast_head_json":{"title":"Taxi giant to lay off 3,300 people \u2013 Travel Report","description":"The taxi giant will fire 3,300 people \u2013 Read the latest news from the travel industry at Travel Report.","robots":{"index":"index","follow":"follow","max-snippet":"max-snippet:-1","max-image-preview":"max-image-preview:large","max-video-preview":"max-video-preview:-1"},"canonical":"https:\/\/www.travelreport.se\/en\/taxi-giant-to-lay-off-3300-people\/","og_locale":"en_GB","og_type":"article","og_title":"Taxij\u00e4tten ska sparka 3.300 personer &#8211; Travel Report","og_description":"Taxij\u00e4tten ska sparka 3.300 personer \u2013 L\u00e4s senaste nyheterna fr\u00e5n resebranschen p\u00e5 Travel Report.","og_url":"https:\/\/www.travelreport.se\/en\/taxi-giant-to-lay-off-3300-people\/","og_site_name":"Travel Report","article_publisher":"https:\/\/www.facebook.com\/inrikes","article_published_time":"2026-09-03T04:29:54+00:00","article_modified_time":"2026-09-03T04:34:13+00:00","og_image":[{"width":1330,"height":714,"url":"https:\/\/www.travelreport.se\/wp-content\/uploads\/2024\/04\/Uber.jpg","type":"image\/jpeg"}],"author":"Redaktion","twitter_card":"summary_large_image","twitter_misc":{"Written by":"Redaktion","Estimated reading time":"1 minute"},"schema":{"@context":"https:\/\/schema.org","@graph":[{"@type":"Article","@id":"https:\/\/www.travelreport.se\/taxijatten-ska-sparka-3-300-personer\/#article","isPartOf":{"@id":"https:\/\/www.travelreport.se\/taxijatten-ska-sparka-3-300-personer\/"},"author":{"name":"Redaktion","@id":"https:\/\/www.travelreport.se\/#\/schema\/person\/6dae45163e775712127e85c446984260"},"headline":"Taxij\u00e4tten ska sparka 3.300 personer","datePublished":"2026-09-03T04:29:54+00:00","dateModified":"2026-09-03T04:34:13+00:00","mainEntityOfPage":{"@id":"https:\/\/www.travelreport.se\/taxijatten-ska-sparka-3-300-personer\/"},"wordCount":81,"publisher":{"@id":"https:\/\/www.travelreport.se\/#organization"},"image":{"@id":"https:\/\/www.travelreport.se\/taxijatten-ska-sparka-3-300-personer\/#primaryimage"},"thumbnailUrl":"https:\/\/www.travelreport.se\/wp-content\/uploads\/2024\/04\/Uber.jpg","keywords":["3 300 personer","kostnadsbesparingar","mobilitet","nedsk\u00e4rningar","omstrukturering","personalneddragningar","resen\u00e4rer","sparpaket","Taxi","taxibranschen","taxij\u00e4tte","transportbranschen","Travel Report","uber","upps\u00e4gningar"],"articleSection":["Turism"],"inLanguage":"en-GB"},{"@type":"WebPage","@id":"https:\/\/www.travelreport.se\/taxijatten-ska-sparka-3-300-personer\/","url":"https:\/\/www.travelreport.se\/taxijatten-ska-sparka-3-300-personer\/","name":"Taxi giant to lay off 3,300 people \u2013 Travel Report","isPartOf":{"@id":"https:\/\/www.travelreport.se\/#website"},"primaryImageOfPage":{"@id":"https:\/\/www.travelreport.se\/taxijatten-ska-sparka-3-300-personer\/#primaryimage"},"image":{"@id":"https:\/\/www.travelreport.se\/taxijatten-ska-sparka-3-300-personer\/#primaryimage"},"thumbnailUrl":"https:\/\/www.travelreport.se\/wp-content\/uploads\/2024\/04\/Uber.jpg","datePublished":"2026-09-03T04:29:54+00:00","dateModified":"2026-09-03T04:34:13+00:00","description":"The taxi giant will fire 3,300 people \u2013 Read the latest news from the travel industry at Travel Report.","breadcrumb":{"@id":"https:\/\/www.travelreport.se\/taxijatten-ska-sparka-3-300-personer\/#breadcrumb"},"inLanguage":"en-GB","potentialAction":[{"@type":"ReadAction","target":["https:\/\/www.travelreport.se\/taxijatten-ska-sparka-3-300-personer\/"]}]},{"@type":"ImageObject","inLanguage":"en-GB","@id":"https:\/\/www.travelreport.se\/taxijatten-ska-sparka-3-300-personer\/#primaryimage","url":"https:\/\/www.travelreport.se\/wp-content\/uploads\/2024\/04\/Uber.jpg","contentUrl":"https:\/\/www.travelreport.se\/wp-content\/uploads\/2024\/04\/Uber.jpg","width":1330,"height":714,"caption":"Foto:Uber"},{"@type":"BreadcrumbList","@id":"https:\/\/www.travelreport.se\/taxijatten-ska-sparka-3-300-personer\/#breadcrumb","itemListElement":[{"@type":"ListItem","position":1,"name":"Turism","item":"https:\/\/www.travelreport.se\/kategori\/turism\/"},{"@type":"ListItem","position":2,"name":"Taxij\u00e4tten ska sparka 3.300 personer"}]},{"@type":"WebSite","@id":"https:\/\/www.travelreport.se\/#website","url":"https:\/\/www.travelreport.se\/","name":"Travel Report","description":"Latest travel industry news","publisher":{"@id":"https:\/\/www.travelreport.se\/#organization"},"potentialAction":[{"@type":"SearchAction","target":{"@type":"EntryPoint","urlTemplate":"https:\/\/www.travelreport.se\/?s={search_term_string}"},"query-input":{"@type":"PropertyValueSpecification","valueRequired":true,"valueName":"search_term_string"}}],"inLanguage":"en-GB"},{"@type":"Organization","@id":"https:\/\/www.travelreport.se\/#organization","name":"Travel Report","url":"https:\/\/www.travelreport.se\/","logo":{"@type":"ImageObject","inLanguage":"en-GB","@id":"https:\/\/www.travelreport.se\/#\/schema\/logo\/image\/","url":"https:\/\/www.travelreport.se\/wp-content\/uploads\/2024\/01\/TravelReport-seo.jpeg","contentUrl":"https:\/\/www.travelreport.se\/wp-content\/uploads\/2024\/01\/TravelReport-seo.jpeg","width":1200,"height":676,"caption":"Travel Report"},"image":{"@id":"https:\/\/www.travelreport.se\/#\/schema\/logo\/image\/"},"sameAs":["https:\/\/www.facebook.com\/inrikes","https:\/\/www.instagram.com\/inrikes_magasin\/"]},{"@type":"Person","@id":"https:\/\/www.travelreport.se\/#\/schema\/person\/6dae45163e775712127e85c446984260","name":"Editorial department"}]}},"views":6,"_links":{"self":[{"href":"https:\/\/www.travelreport.se\/en\/wp-json\/wp\/v2\/posts\/304920","targetHints":{"allow":["GET"]}}],"collection":[{"href":"https:\/\/www.travelreport.se\/en\/wp-json\/wp\/v2\/posts"}],"about":[{"href":"https:\/\/www.travelreport.se\/en\/wp-json\/wp\/v2\/types\/post"}],"author":[{"embeddable":true,"href":"https:\/\/www.travelreport.se\/en\/wp-json\/wp\/v2\/users\/25"}],"replies":[{"embeddable":true,"href":"https:\/\/www.travelreport.se\/en\/wp-json\/wp\/v2\/comments?post=304920"}],"version-history":[{"count":1,"href":"https:\/\/www.travelreport.se\/en\/wp-json\/wp\/v2\/posts\/304920\/revisions"}],"predecessor-version":[{"id":304921,"href":"https:\/\/www.travelreport.se\/en\/wp-json\/wp\/v2\/posts\/304920\/revisions\/304921"}],"wp:featuredmedia":[{"embeddable":true,"href":"https:\/\/www.travelreport.se\/en\/wp-json\/wp\/v2\/media\/296287"}],"wp:attachment":[{"href":"https:\/\/www.travelreport.se\/en\/wp-json\/wp\/v2\/media?parent=304920"}],"wp:term":[{"taxonomy":"category","embeddable":true,"href":"https:\/\/www.travelreport.se\/en\/wp-json\/wp\/v2\/categories?post=304920"},{"taxonomy":"post_tag","embeddable":true,"href":"https:\/\/www.travelreport.se\/en\/wp-json\/wp\/v2\/tags?post=304920"}],"curies":[{"name":"wp","href":"https:\/\/api.w.org\/{rel}","templated":true}]}}