{"id":304922,"date":"2026-09-03T09:00:38","date_gmt":"2026-09-03T07:00:38","guid":{"rendered":"https:\/\/www.travelreport.se\/?p=304922"},"modified":"2026-09-03T09:02:33","modified_gmt":"2026-09-03T07:02:33","slug":"ryanair-signs-collective-agreement-for-cabin-crew-at-arlanda","status":"publish","type":"post","link":"https:\/\/www.travelreport.se\/en\/ryanair-tecknar-kollektivavtal-for-kabinpersonalen-pa-arlanda\/","title":{"rendered":"Ryanair signs collective agreement for cabin crew at Arlanda"},"content":{"rendered":"<p class=\"wp-block-paragraph\">Ryanair has signed a collective agreement with the Swedish Transport Workers&#039; Union for cabin crew at the airline&#039;s base at Arlanda. The agreement, which came into force on 1 September, regulates, among other things, wages, working hours, compensation, pensions and insurance.<\/p>\n\n\n\n<p class=\"wp-block-paragraph\">The agreement is the result of several months of negotiations between Ryanair and Transport and covers cabin crew at the airline&#039;s Arlanda base.<\/p>\n\n\n\n<p class=\"wp-block-paragraph\">Transport took over the cabin crew agreement area from Unionen in February 2025 and has since worked to get a collective agreement in place with Ryanair.<\/p>\n\n\n\n<p class=\"wp-block-paragraph\">\u2013 This is historic news for Ryanair employees and an important success for the Swedish model. Since Transport took over the agreement area, the goal has been clear: Ryanair cabin crew in Sweden should have collective agreements, secure conditions and the opportunity to influence their working situation. Now we are there, says Transport&#039;s union chairman Tommy Wreeth.<\/p>\n\n\n\n<h4 class=\"wp-block-heading\">Ryanair links the agreement to Sweden Investments<\/h4>\n\n\n\n<p class=\"wp-block-paragraph\">Ryanair welcomes the agreement and states that it will help support the company&#039;s investments and jobs in Sweden.<\/p>\n\n\n\n<p class=\"wp-block-paragraph\">\u2013 We welcome this collective agreement with the Swedish Transport Workers&#039; Union, which is the result of many months of intensive negotiations, says Ryanair&#039;s HR Director Darrell Hughes.<\/p>\n\n\n\n<p class=\"wp-block-paragraph\">The airline states that it is investing $800 million in Sweden.<\/p>\n\n\n\n<p class=\"wp-block-paragraph\">At the same time, Ryanair is using the announcement to once again argue for lower costs for airlines operating in Sweden. The company refers to the abolition of the aviation tax in July 2025 and believes that further cost reductions are needed for Sweden to be competitive.<\/p>\n\n\n\n<p class=\"wp-block-paragraph\">Ryanair&#039;s group goal is to reach 300 million passengers per year by 2034.<\/p>\n\n\n\n<p class=\"wp-block-paragraph\">The collective agreement applies from <strong>September 1, 2026<\/strong> and includes Ryanair cabin crew at the base at Stockholm Arlanda.<\/p>\n\n\n\n<p class=\"wp-block-paragraph\"><\/p>","protected":false},"excerpt":{"rendered":"<p>Ryanair har tecknat kollektivavtal med Svenska Transportarbetaref\u00f6rbundet f\u00f6r kabinpersonalen vid flygbolagets bas p\u00e5 Arlanda. Avtalet, som tr\u00e4dde i kraft den 1 september, reglerar bland annat l\u00f6ner, arbetstider, ers\u00e4ttningar, pensioner och f\u00f6rs\u00e4kringar. Avtalet \u00e4r resultatet av flera m\u00e5naders f\u00f6rhandlingar mellan Ryanair och Transport och omfattar kabinpersonalen vid flygbolagets Arlandabas. Transport tog \u00f6ver avtalsomr\u00e5det f\u00f6r kabinpersonal fr\u00e5n [&hellip;]<\/p>\n","protected":false},"author":25,"featured_media":300068,"comment_status":"closed","ping_status":"closed","sticky":false,"template":"","format":"standard","meta":{"_acf_changed":false,"footnotes":""},"categories":[179],"tags":[9591,9663,273,9662,212,2977,7520,2234,9659,9661,952,9664,9660,224,8690,417,7785],"class_list":["post-304922","post","type-post","status-publish","format-standard","has-post-thumbnail","hentry","category-flyg","tag-arbetsmarknad","tag-arbetsvillkor","tag-arlanda","tag-fackligt-avtal","tag-flygbolag-travelguiden","tag-flygbranschen","tag-flygpersonal","tag-kabinpersonal","tag-kabinpersonalen","tag-kollektivavtal","tag-lagprisflyg","tag-personalavtal","tag-ruanair","tag-ryanair","tag-stockholm-arlanda-airport","tag-sverige","tag-travel-report"],"acf":[],"yoast_head":"<!-- This site is optimized with the Yoast SEO plugin v28.4 - https:\/\/yoast.com\/product\/yoast-seo-wordpress\/ -->\n<title>Ryanair tecknar kollektivavtal f\u00f6r kabinpersonalen p\u00e5 Arlanda &#8211; Travel Report<\/title>\n<meta name=\"description\" content=\"Ryanair tecknar kollektivavtal f\u00f6r kabinpersonalen p\u00e5 Arlanda \u2013 L\u00e4s senaste nyheterna fr\u00e5n resebranschen p\u00e5 Travel Report.\" \/>\n<meta name=\"robots\" content=\"index, follow, max-snippet:-1, max-image-preview:large, max-video-preview:-1\" \/>\n<link rel=\"canonical\" href=\"https:\/\/www.travelreport.se\/en\/ryanair-signs-collective-agreement-for-cabin-crew-at-arlanda\/\" \/>\n<meta property=\"og:locale\" content=\"en_GB\" \/>\n<meta property=\"og:type\" content=\"article\" \/>\n<meta property=\"og:title\" content=\"Ryanair tecknar kollektivavtal f\u00f6r kabinpersonalen p\u00e5 Arlanda &#8211; Travel Report\" \/>\n<meta property=\"og:description\" content=\"Ryanair tecknar kollektivavtal f\u00f6r kabinpersonalen p\u00e5 Arlanda \u2013 L\u00e4s senaste nyheterna fr\u00e5n resebranschen p\u00e5 Travel Report.\" \/>\n<meta property=\"og:url\" content=\"https:\/\/www.travelreport.se\/en\/ryanair-signs-collective-agreement-for-cabin-crew-at-arlanda\/\" \/>\n<meta property=\"og:site_name\" content=\"Travel Report\" \/>\n<meta property=\"article:publisher\" content=\"https:\/\/www.facebook.com\/inrikes\" \/>\n<meta property=\"article:published_time\" content=\"2026-09-03T07:00:38+00:00\" \/>\n<meta property=\"article:modified_time\" content=\"2026-09-03T07:02:33+00:00\" \/>\n<meta property=\"og:image\" content=\"https:\/\/www.travelreport.se\/wp-content\/uploads\/2025\/05\/Ryanair-offic.jpg\" \/>\n\t<meta property=\"og:image:width\" content=\"717\" \/>\n\t<meta property=\"og:image:height\" content=\"447\" \/>\n\t<meta property=\"og:image:type\" content=\"image\/jpeg\" \/>\n<meta name=\"author\" content=\"Redaktion\" \/>\n<meta name=\"twitter:card\" content=\"summary_large_image\" \/>\n<meta name=\"twitter:label1\" content=\"Written by\" \/>\n\t<meta name=\"twitter:data1\" content=\"Redaktion\" \/>\n\t<meta name=\"twitter:label2\" content=\"Estimated reading time\" \/>\n\t<meta name=\"twitter:data2\" content=\"2 minutes\" \/>\n<script type=\"application\/ld+json\" class=\"yoast-schema-graph\">{\"@context\":\"https:\\\/\\\/schema.org\",\"@graph\":[{\"@type\":\"Article\",\"@id\":\"https:\\\/\\\/www.travelreport.se\\\/ryanair-tecknar-kollektivavtal-for-kabinpersonalen-pa-arlanda\\\/#article\",\"isPartOf\":{\"@id\":\"https:\\\/\\\/www.travelreport.se\\\/ryanair-tecknar-kollektivavtal-for-kabinpersonalen-pa-arlanda\\\/\"},\"author\":{\"name\":\"Redaktion\",\"@id\":\"https:\\\/\\\/www.travelreport.se\\\/#\\\/schema\\\/person\\\/6dae45163e775712127e85c446984260\"},\"headline\":\"Ryanair tecknar kollektivavtal f\u00f6r kabinpersonalen p\u00e5 Arlanda\",\"datePublished\":\"2026-09-03T07:00:38+00:00\",\"dateModified\":\"2026-09-03T07:02:33+00:00\",\"mainEntityOfPage\":{\"@id\":\"https:\\\/\\\/www.travelreport.se\\\/ryanair-tecknar-kollektivavtal-for-kabinpersonalen-pa-arlanda\\\/\"},\"wordCount\":289,\"publisher\":{\"@id\":\"https:\\\/\\\/www.travelreport.se\\\/#organization\"},\"image\":{\"@id\":\"https:\\\/\\\/www.travelreport.se\\\/ryanair-tecknar-kollektivavtal-for-kabinpersonalen-pa-arlanda\\\/#primaryimage\"},\"thumbnailUrl\":\"https:\\\/\\\/www.travelreport.se\\\/wp-content\\\/uploads\\\/2025\\\/05\\\/Ryanair-offic.jpg\",\"keywords\":[\"arbetsmarknad\",\"arbetsvillkor\",\"Arlanda\",\"fackligt avtal\",\"Flygbolag\",\"flygbranschen\",\"flygpersonal\",\"kabinpersonal\",\"kabinpersonalen\",\"kollektivavtal\",\"l\u00e5gprisflyg\",\"personalavtal\",\"ruanair\",\"Ryanair\",\"Stockholm Arlanda Airport\",\"Sverige\",\"Travel Report\"],\"articleSection\":[\"Flyg\"],\"inLanguage\":\"en-GB\"},{\"@type\":\"WebPage\",\"@id\":\"https:\\\/\\\/www.travelreport.se\\\/ryanair-tecknar-kollektivavtal-for-kabinpersonalen-pa-arlanda\\\/\",\"url\":\"https:\\\/\\\/www.travelreport.se\\\/ryanair-tecknar-kollektivavtal-for-kabinpersonalen-pa-arlanda\\\/\",\"name\":\"Ryanair tecknar kollektivavtal f\u00f6r kabinpersonalen p\u00e5 Arlanda &#8211; Travel Report\",\"isPartOf\":{\"@id\":\"https:\\\/\\\/www.travelreport.se\\\/#website\"},\"primaryImageOfPage\":{\"@id\":\"https:\\\/\\\/www.travelreport.se\\\/ryanair-tecknar-kollektivavtal-for-kabinpersonalen-pa-arlanda\\\/#primaryimage\"},\"image\":{\"@id\":\"https:\\\/\\\/www.travelreport.se\\\/ryanair-tecknar-kollektivavtal-for-kabinpersonalen-pa-arlanda\\\/#primaryimage\"},\"thumbnailUrl\":\"https:\\\/\\\/www.travelreport.se\\\/wp-content\\\/uploads\\\/2025\\\/05\\\/Ryanair-offic.jpg\",\"datePublished\":\"2026-09-03T07:00:38+00:00\",\"dateModified\":\"2026-09-03T07:02:33+00:00\",\"description\":\"Ryanair tecknar kollektivavtal f\u00f6r kabinpersonalen p\u00e5 Arlanda \u2013 L\u00e4s senaste nyheterna fr\u00e5n resebranschen p\u00e5 Travel Report.\",\"breadcrumb\":{\"@id\":\"https:\\\/\\\/www.travelreport.se\\\/ryanair-tecknar-kollektivavtal-for-kabinpersonalen-pa-arlanda\\\/#breadcrumb\"},\"inLanguage\":\"en-GB\",\"potentialAction\":[{\"@type\":\"ReadAction\",\"target\":[\"https:\\\/\\\/www.travelreport.se\\\/ryanair-tecknar-kollektivavtal-for-kabinpersonalen-pa-arlanda\\\/\"]}]},{\"@type\":\"ImageObject\",\"inLanguage\":\"en-GB\",\"@id\":\"https:\\\/\\\/www.travelreport.se\\\/ryanair-tecknar-kollektivavtal-for-kabinpersonalen-pa-arlanda\\\/#primaryimage\",\"url\":\"https:\\\/\\\/www.travelreport.se\\\/wp-content\\\/uploads\\\/2025\\\/05\\\/Ryanair-offic.jpg\",\"contentUrl\":\"https:\\\/\\\/www.travelreport.se\\\/wp-content\\\/uploads\\\/2025\\\/05\\\/Ryanair-offic.jpg\",\"width\":717,\"height\":447,\"caption\":\"Foto: Ryanair\"},{\"@type\":\"BreadcrumbList\",\"@id\":\"https:\\\/\\\/www.travelreport.se\\\/ryanair-tecknar-kollektivavtal-for-kabinpersonalen-pa-arlanda\\\/#breadcrumb\",\"itemListElement\":[{\"@type\":\"ListItem\",\"position\":1,\"name\":\"Flyg\",\"item\":\"https:\\\/\\\/www.travelreport.se\\\/kategori\\\/flyg\\\/\"},{\"@type\":\"ListItem\",\"position\":2,\"name\":\"Ryanair tecknar kollektivavtal f\u00f6r kabinpersonalen p\u00e5 Arlanda\"}]},{\"@type\":\"WebSite\",\"@id\":\"https:\\\/\\\/www.travelreport.se\\\/#website\",\"url\":\"https:\\\/\\\/www.travelreport.se\\\/\",\"name\":\"Travel Report\",\"description\":\"Senaste nyheterna inom Resebranschen\",\"publisher\":{\"@id\":\"https:\\\/\\\/www.travelreport.se\\\/#organization\"},\"potentialAction\":[{\"@type\":\"SearchAction\",\"target\":{\"@type\":\"EntryPoint\",\"urlTemplate\":\"https:\\\/\\\/www.travelreport.se\\\/?s={search_term_string}\"},\"query-input\":{\"@type\":\"PropertyValueSpecification\",\"valueRequired\":true,\"valueName\":\"search_term_string\"}}],\"inLanguage\":\"en-GB\"},{\"@type\":\"Organization\",\"@id\":\"https:\\\/\\\/www.travelreport.se\\\/#organization\",\"name\":\"Travel Report\",\"url\":\"https:\\\/\\\/www.travelreport.se\\\/\",\"logo\":{\"@type\":\"ImageObject\",\"inLanguage\":\"en-GB\",\"@id\":\"https:\\\/\\\/www.travelreport.se\\\/#\\\/schema\\\/logo\\\/image\\\/\",\"url\":\"https:\\\/\\\/www.travelreport.se\\\/wp-content\\\/uploads\\\/2024\\\/01\\\/TravelReport-seo.jpeg\",\"contentUrl\":\"https:\\\/\\\/www.travelreport.se\\\/wp-content\\\/uploads\\\/2024\\\/01\\\/TravelReport-seo.jpeg\",\"width\":1200,\"height\":676,\"caption\":\"Travel Report\"},\"image\":{\"@id\":\"https:\\\/\\\/www.travelreport.se\\\/#\\\/schema\\\/logo\\\/image\\\/\"},\"sameAs\":[\"https:\\\/\\\/www.facebook.com\\\/inrikes\",\"https:\\\/\\\/www.instagram.com\\\/inrikes_magasin\\\/\"]},{\"@type\":\"Person\",\"@id\":\"https:\\\/\\\/www.travelreport.se\\\/#\\\/schema\\\/person\\\/6dae45163e775712127e85c446984260\",\"name\":\"Redaktion\"}]}<\/script>\n<!-- \/ Yoast SEO plugin. -->","yoast_head_json":{"title":"Ryanair signs collective agreement for cabin crew at Arlanda \u2013 Travel Report","description":"Ryanair signs collective agreement for cabin crew at Arlanda \u2013 Read the latest news from the travel industry at Travel Report.","robots":{"index":"index","follow":"follow","max-snippet":"max-snippet:-1","max-image-preview":"max-image-preview:large","max-video-preview":"max-video-preview:-1"},"canonical":"https:\/\/www.travelreport.se\/en\/ryanair-signs-collective-agreement-for-cabin-crew-at-arlanda\/","og_locale":"en_GB","og_type":"article","og_title":"Ryanair tecknar kollektivavtal f\u00f6r kabinpersonalen p\u00e5 Arlanda &#8211; Travel Report","og_description":"Ryanair tecknar kollektivavtal f\u00f6r kabinpersonalen p\u00e5 Arlanda \u2013 L\u00e4s senaste nyheterna fr\u00e5n resebranschen p\u00e5 Travel Report.","og_url":"https:\/\/www.travelreport.se\/en\/ryanair-signs-collective-agreement-for-cabin-crew-at-arlanda\/","og_site_name":"Travel Report","article_publisher":"https:\/\/www.facebook.com\/inrikes","article_published_time":"2026-09-03T07:00:38+00:00","article_modified_time":"2026-09-03T07:02:33+00:00","og_image":[{"width":717,"height":447,"url":"https:\/\/www.travelreport.se\/wp-content\/uploads\/2025\/05\/Ryanair-offic.jpg","type":"image\/jpeg"}],"author":"Redaktion","twitter_card":"summary_large_image","twitter_misc":{"Written by":"Redaktion","Estimated reading time":"2 minutes"},"schema":{"@context":"https:\/\/schema.org","@graph":[{"@type":"Article","@id":"https:\/\/www.travelreport.se\/ryanair-tecknar-kollektivavtal-for-kabinpersonalen-pa-arlanda\/#article","isPartOf":{"@id":"https:\/\/www.travelreport.se\/ryanair-tecknar-kollektivavtal-for-kabinpersonalen-pa-arlanda\/"},"author":{"name":"Redaktion","@id":"https:\/\/www.travelreport.se\/#\/schema\/person\/6dae45163e775712127e85c446984260"},"headline":"Ryanair tecknar kollektivavtal f\u00f6r kabinpersonalen p\u00e5 Arlanda","datePublished":"2026-09-03T07:00:38+00:00","dateModified":"2026-09-03T07:02:33+00:00","mainEntityOfPage":{"@id":"https:\/\/www.travelreport.se\/ryanair-tecknar-kollektivavtal-for-kabinpersonalen-pa-arlanda\/"},"wordCount":289,"publisher":{"@id":"https:\/\/www.travelreport.se\/#organization"},"image":{"@id":"https:\/\/www.travelreport.se\/ryanair-tecknar-kollektivavtal-for-kabinpersonalen-pa-arlanda\/#primaryimage"},"thumbnailUrl":"https:\/\/www.travelreport.se\/wp-content\/uploads\/2025\/05\/Ryanair-offic.jpg","keywords":["arbetsmarknad","arbetsvillkor","Arlanda","fackligt avtal","Flygbolag","flygbranschen","flygpersonal","kabinpersonal","kabinpersonalen","kollektivavtal","l\u00e5gprisflyg","personalavtal","ruanair","Ryanair","Stockholm Arlanda Airport","Sverige","Travel Report"],"articleSection":["Flyg"],"inLanguage":"en-GB"},{"@type":"WebPage","@id":"https:\/\/www.travelreport.se\/ryanair-tecknar-kollektivavtal-for-kabinpersonalen-pa-arlanda\/","url":"https:\/\/www.travelreport.se\/ryanair-tecknar-kollektivavtal-for-kabinpersonalen-pa-arlanda\/","name":"Ryanair signs collective agreement for cabin crew at Arlanda \u2013 Travel Report","isPartOf":{"@id":"https:\/\/www.travelreport.se\/#website"},"primaryImageOfPage":{"@id":"https:\/\/www.travelreport.se\/ryanair-tecknar-kollektivavtal-for-kabinpersonalen-pa-arlanda\/#primaryimage"},"image":{"@id":"https:\/\/www.travelreport.se\/ryanair-tecknar-kollektivavtal-for-kabinpersonalen-pa-arlanda\/#primaryimage"},"thumbnailUrl":"https:\/\/www.travelreport.se\/wp-content\/uploads\/2025\/05\/Ryanair-offic.jpg","datePublished":"2026-09-03T07:00:38+00:00","dateModified":"2026-09-03T07:02:33+00:00","description":"Ryanair signs collective agreement for cabin crew at Arlanda \u2013 Read the latest news from the travel industry at Travel Report.","breadcrumb":{"@id":"https:\/\/www.travelreport.se\/ryanair-tecknar-kollektivavtal-for-kabinpersonalen-pa-arlanda\/#breadcrumb"},"inLanguage":"en-GB","potentialAction":[{"@type":"ReadAction","target":["https:\/\/www.travelreport.se\/ryanair-tecknar-kollektivavtal-for-kabinpersonalen-pa-arlanda\/"]}]},{"@type":"ImageObject","inLanguage":"en-GB","@id":"https:\/\/www.travelreport.se\/ryanair-tecknar-kollektivavtal-for-kabinpersonalen-pa-arlanda\/#primaryimage","url":"https:\/\/www.travelreport.se\/wp-content\/uploads\/2025\/05\/Ryanair-offic.jpg","contentUrl":"https:\/\/www.travelreport.se\/wp-content\/uploads\/2025\/05\/Ryanair-offic.jpg","width":717,"height":447,"caption":"Foto: Ryanair"},{"@type":"BreadcrumbList","@id":"https:\/\/www.travelreport.se\/ryanair-tecknar-kollektivavtal-for-kabinpersonalen-pa-arlanda\/#breadcrumb","itemListElement":[{"@type":"ListItem","position":1,"name":"Flyg","item":"https:\/\/www.travelreport.se\/kategori\/flyg\/"},{"@type":"ListItem","position":2,"name":"Ryanair tecknar kollektivavtal f\u00f6r kabinpersonalen p\u00e5 Arlanda"}]},{"@type":"WebSite","@id":"https:\/\/www.travelreport.se\/#website","url":"https:\/\/www.travelreport.se\/","name":"Travel Report","description":"Latest travel industry news","publisher":{"@id":"https:\/\/www.travelreport.se\/#organization"},"potentialAction":[{"@type":"SearchAction","target":{"@type":"EntryPoint","urlTemplate":"https:\/\/www.travelreport.se\/?s={search_term_string}"},"query-input":{"@type":"PropertyValueSpecification","valueRequired":true,"valueName":"search_term_string"}}],"inLanguage":"en-GB"},{"@type":"Organization","@id":"https:\/\/www.travelreport.se\/#organization","name":"Travel Report","url":"https:\/\/www.travelreport.se\/","logo":{"@type":"ImageObject","inLanguage":"en-GB","@id":"https:\/\/www.travelreport.se\/#\/schema\/logo\/image\/","url":"https:\/\/www.travelreport.se\/wp-content\/uploads\/2024\/01\/TravelReport-seo.jpeg","contentUrl":"https:\/\/www.travelreport.se\/wp-content\/uploads\/2024\/01\/TravelReport-seo.jpeg","width":1200,"height":676,"caption":"Travel Report"},"image":{"@id":"https:\/\/www.travelreport.se\/#\/schema\/logo\/image\/"},"sameAs":["https:\/\/www.facebook.com\/inrikes","https:\/\/www.instagram.com\/inrikes_magasin\/"]},{"@type":"Person","@id":"https:\/\/www.travelreport.se\/#\/schema\/person\/6dae45163e775712127e85c446984260","name":"Editorial department"}]}},"views":16,"_links":{"self":[{"href":"https:\/\/www.travelreport.se\/en\/wp-json\/wp\/v2\/posts\/304922","targetHints":{"allow":["GET"]}}],"collection":[{"href":"https:\/\/www.travelreport.se\/en\/wp-json\/wp\/v2\/posts"}],"about":[{"href":"https:\/\/www.travelreport.se\/en\/wp-json\/wp\/v2\/types\/post"}],"author":[{"embeddable":true,"href":"https:\/\/www.travelreport.se\/en\/wp-json\/wp\/v2\/users\/25"}],"replies":[{"embeddable":true,"href":"https:\/\/www.travelreport.se\/en\/wp-json\/wp\/v2\/comments?post=304922"}],"version-history":[{"count":1,"href":"https:\/\/www.travelreport.se\/en\/wp-json\/wp\/v2\/posts\/304922\/revisions"}],"predecessor-version":[{"id":304923,"href":"https:\/\/www.travelreport.se\/en\/wp-json\/wp\/v2\/posts\/304922\/revisions\/304923"}],"wp:featuredmedia":[{"embeddable":true,"href":"https:\/\/www.travelreport.se\/en\/wp-json\/wp\/v2\/media\/300068"}],"wp:attachment":[{"href":"https:\/\/www.travelreport.se\/en\/wp-json\/wp\/v2\/media?parent=304922"}],"wp:term":[{"taxonomy":"category","embeddable":true,"href":"https:\/\/www.travelreport.se\/en\/wp-json\/wp\/v2\/categories?post=304922"},{"taxonomy":"post_tag","embeddable":true,"href":"https:\/\/www.travelreport.se\/en\/wp-json\/wp\/v2\/tags?post=304922"}],"curies":[{"name":"wp","href":"https:\/\/api.w.org\/{rel}","templated":true}]}}