{"id":304936,"date":"2026-09-04T06:38:26","date_gmt":"2026-09-04T04:38:26","guid":{"rendered":"https:\/\/www.travelreport.se\/?p=304936"},"modified":"2026-09-04T15:01:57","modified_gmt":"2026-09-04T13:01:57","slug":"berlin-airport-evacuated-after-toxic-substance-alert","status":"publish","type":"post","link":"https:\/\/www.travelreport.se\/en\/flygplats-i-berlin-evakuerad-larm-om-giftigt-amne\/","title":{"rendered":"Berlin airport evacuated \u2013 alarm about toxic substance"},"content":{"rendered":"<p class=\"wp-block-paragraph\">Terminal 1 at Berlin Brandenburg Airport has been evacuated after an alarm about a suspected dangerous substance, German media reports.<\/p>\n\n\n\n<p class=\"wp-block-paragraph\">The alarm was raised at 5:45 p.m. on Thursday after a woman approached police at the airport and reported that she had toxic substances in her handbag. The woman has been arrested and an area around the bag has been cordoned off.<\/p>\n\n\n\n<p class=\"wp-block-paragraph\">\u201cSince it is an unknown substance, danger cannot be ruled out,\u201d an airport spokesperson told&nbsp;<a href=\"https:\/\/www.tagesspiegel.de\/berlin\/frau-meldet-giftige-substanzen-in-ihrer-handtasche-polizei-raumt-ber-terminal--flug-und-bahnverkehr-eingestellt-16015680.html\">Tagesspiegel<\/a>.<\/p>\n\n\n\n<p class=\"wp-block-paragraph\">Firefighters wearing protective suits and special equipment have been sent to the scene to examine the bag.<\/p>\n\n\n\n<p class=\"wp-block-paragraph\">Check-in in Terminal 1 has been stopped and, where possible, moved to Terminal 2. In addition, train service to the airport has been cancelled.<\/p>\n\n\n\n<p class=\"wp-block-paragraph\">K<\/p>","protected":false},"excerpt":{"rendered":"<p>Terminal 1 p\u00e5 Berlin Brandenburgs flygplats har evakuerats efter larm om ett misst\u00e4nkt farligt \u00e4mne, rapporterar tyska medier. Larmet kom vid 17.45-tiden p\u00e5 torsdagen efter att en kvinna s\u00f6kt upp polisen p\u00e5 flygplatsen och uppgett att hon hade giftiga \u00e4mnen i sin handv\u00e4ska. Kvinnan har gripits och ett omr\u00e5de runt v\u00e4skan har sp\u00e4rrats av. \u2013 [&hellip;]<\/p>\n","protected":false},"author":25,"featured_media":304938,"comment_status":"closed","ping_status":"closed","sticky":false,"template":"","format":"standard","meta":{"_acf_changed":false,"footnotes":""},"categories":[4077],"tags":[314,7559,556,85,312,9678,1372,232,9676,9677,7979,420,4858,8532,7785,490],"class_list":["post-304936","post","type-post","status-publish","format-standard","has-post-thumbnail","hentry","category-flygplatser-bransch","tag-berlin","tag-evakuering","tag-fkygplats","tag-flyg","tag-tag-flygplats","tag-flygplatsincident","tag-flygtrafik","tag-forseningar","tag-giftigt-amne","tag-kemikalielarm","tag-reseinformation","tag-resenarer","tag-sakerhet","tag-sakerhetslarm","tag-travel-report","tag-tyskland"],"acf":[],"yoast_head":"<!-- This site is optimized with the Yoast SEO plugin v28.4 - https:\/\/yoast.com\/product\/yoast-seo-wordpress\/ -->\n<title>Flygplats i Berlin evakuerad \u2013 larm om giftigt \u00e4mne &#8211; Travel Report<\/title>\n<meta name=\"description\" content=\"Flygplats i Berlin evakuerad \u2013 larm om giftigt \u00e4mne \u2013 L\u00e4s senaste nyheterna fr\u00e5n resebranschen p\u00e5 Travel Report.\" \/>\n<meta name=\"robots\" content=\"index, follow, max-snippet:-1, max-image-preview:large, max-video-preview:-1\" \/>\n<link rel=\"canonical\" href=\"https:\/\/www.travelreport.se\/en\/berlin-airport-evacuated-after-toxic-substance-alert\/\" \/>\n<meta property=\"og:locale\" content=\"en_GB\" \/>\n<meta property=\"og:type\" content=\"article\" \/>\n<meta property=\"og:title\" content=\"Flygplats i Berlin evakuerad \u2013 larm om giftigt \u00e4mne &#8211; Travel Report\" \/>\n<meta property=\"og:description\" content=\"Flygplats i Berlin evakuerad \u2013 larm om giftigt \u00e4mne \u2013 L\u00e4s senaste nyheterna fr\u00e5n resebranschen p\u00e5 Travel Report.\" \/>\n<meta property=\"og:url\" content=\"https:\/\/www.travelreport.se\/en\/berlin-airport-evacuated-after-toxic-substance-alert\/\" \/>\n<meta property=\"og:site_name\" content=\"Travel Report\" \/>\n<meta property=\"article:publisher\" content=\"https:\/\/www.facebook.com\/inrikes\" \/>\n<meta property=\"article:published_time\" content=\"2026-09-04T04:38:26+00:00\" \/>\n<meta property=\"article:modified_time\" content=\"2026-09-04T13:01:57+00:00\" \/>\n<meta property=\"og:image\" content=\"https:\/\/www.travelreport.se\/wp-content\/uploads\/2026\/09\/ber.berlin-airport.de-1.jpg\" \/>\n\t<meta property=\"og:image:width\" content=\"732\" \/>\n\t<meta property=\"og:image:height\" content=\"488\" \/>\n\t<meta property=\"og:image:type\" content=\"image\/jpeg\" \/>\n<meta name=\"author\" content=\"Redaktion\" \/>\n<meta name=\"twitter:card\" content=\"summary_large_image\" \/>\n<meta name=\"twitter:label1\" content=\"Written by\" \/>\n\t<meta name=\"twitter:data1\" content=\"Redaktion\" \/>\n\t<meta name=\"twitter:label2\" content=\"Estimated reading time\" \/>\n\t<meta name=\"twitter:data2\" content=\"1 minute\" \/>\n<script type=\"application\/ld+json\" class=\"yoast-schema-graph\">{\"@context\":\"https:\\\/\\\/schema.org\",\"@graph\":[{\"@type\":\"Article\",\"@id\":\"https:\\\/\\\/www.travelreport.se\\\/flygplats-i-berlin-evakuerad-larm-om-giftigt-amne\\\/#article\",\"isPartOf\":{\"@id\":\"https:\\\/\\\/www.travelreport.se\\\/flygplats-i-berlin-evakuerad-larm-om-giftigt-amne\\\/\"},\"author\":{\"name\":\"Redaktion\",\"@id\":\"https:\\\/\\\/www.travelreport.se\\\/#\\\/schema\\\/person\\\/6dae45163e775712127e85c446984260\"},\"headline\":\"Flygplats i Berlin evakuerad \u2013 larm om giftigt \u00e4mne\",\"datePublished\":\"2026-09-04T04:38:26+00:00\",\"dateModified\":\"2026-09-04T13:01:57+00:00\",\"mainEntityOfPage\":{\"@id\":\"https:\\\/\\\/www.travelreport.se\\\/flygplats-i-berlin-evakuerad-larm-om-giftigt-amne\\\/\"},\"wordCount\":135,\"publisher\":{\"@id\":\"https:\\\/\\\/www.travelreport.se\\\/#organization\"},\"image\":{\"@id\":\"https:\\\/\\\/www.travelreport.se\\\/flygplats-i-berlin-evakuerad-larm-om-giftigt-amne\\\/#primaryimage\"},\"thumbnailUrl\":\"https:\\\/\\\/www.travelreport.se\\\/wp-content\\\/uploads\\\/2026\\\/09\\\/ber.berlin-airport.de-1.jpg\",\"keywords\":[\"berlin\",\"evakuering\",\"fkygplats\",\"flyg\",\"Flygplats\",\"flygplatsincident\",\"flygtrafik\",\"f\u00f6rseningar\",\"giftigt \u00e4mne\",\"kemikalielarm\",\"reseinformation\",\"resen\u00e4rer\",\"s\u00e4kerhet\",\"s\u00e4kerhetslarm\",\"Travel Report\",\"Tyskland\"],\"articleSection\":[\"Flygplatser\"],\"inLanguage\":\"en-GB\"},{\"@type\":\"WebPage\",\"@id\":\"https:\\\/\\\/www.travelreport.se\\\/flygplats-i-berlin-evakuerad-larm-om-giftigt-amne\\\/\",\"url\":\"https:\\\/\\\/www.travelreport.se\\\/flygplats-i-berlin-evakuerad-larm-om-giftigt-amne\\\/\",\"name\":\"Flygplats i Berlin evakuerad \u2013 larm om giftigt \u00e4mne &#8211; Travel Report\",\"isPartOf\":{\"@id\":\"https:\\\/\\\/www.travelreport.se\\\/#website\"},\"primaryImageOfPage\":{\"@id\":\"https:\\\/\\\/www.travelreport.se\\\/flygplats-i-berlin-evakuerad-larm-om-giftigt-amne\\\/#primaryimage\"},\"image\":{\"@id\":\"https:\\\/\\\/www.travelreport.se\\\/flygplats-i-berlin-evakuerad-larm-om-giftigt-amne\\\/#primaryimage\"},\"thumbnailUrl\":\"https:\\\/\\\/www.travelreport.se\\\/wp-content\\\/uploads\\\/2026\\\/09\\\/ber.berlin-airport.de-1.jpg\",\"datePublished\":\"2026-09-04T04:38:26+00:00\",\"dateModified\":\"2026-09-04T13:01:57+00:00\",\"description\":\"Flygplats i Berlin evakuerad \u2013 larm om giftigt \u00e4mne \u2013 L\u00e4s senaste nyheterna fr\u00e5n resebranschen p\u00e5 Travel Report.\",\"breadcrumb\":{\"@id\":\"https:\\\/\\\/www.travelreport.se\\\/flygplats-i-berlin-evakuerad-larm-om-giftigt-amne\\\/#breadcrumb\"},\"inLanguage\":\"en-GB\",\"potentialAction\":[{\"@type\":\"ReadAction\",\"target\":[\"https:\\\/\\\/www.travelreport.se\\\/flygplats-i-berlin-evakuerad-larm-om-giftigt-amne\\\/\"]}]},{\"@type\":\"ImageObject\",\"inLanguage\":\"en-GB\",\"@id\":\"https:\\\/\\\/www.travelreport.se\\\/flygplats-i-berlin-evakuerad-larm-om-giftigt-amne\\\/#primaryimage\",\"url\":\"https:\\\/\\\/www.travelreport.se\\\/wp-content\\\/uploads\\\/2026\\\/09\\\/ber.berlin-airport.de-1.jpg\",\"contentUrl\":\"https:\\\/\\\/www.travelreport.se\\\/wp-content\\\/uploads\\\/2026\\\/09\\\/ber.berlin-airport.de-1.jpg\",\"width\":732,\"height\":488,\"caption\":\"Foto:ber.berlin-airport.de\"},{\"@type\":\"BreadcrumbList\",\"@id\":\"https:\\\/\\\/www.travelreport.se\\\/flygplats-i-berlin-evakuerad-larm-om-giftigt-amne\\\/#breadcrumb\",\"itemListElement\":[{\"@type\":\"ListItem\",\"position\":1,\"name\":\"Flygplatser\",\"item\":\"https:\\\/\\\/www.travelreport.se\\\/en\\\/category\\\/airports-industry\\\/\"},{\"@type\":\"ListItem\",\"position\":2,\"name\":\"Flygplats i Berlin evakuerad \u2013 larm om giftigt \u00e4mne\"}]},{\"@type\":\"WebSite\",\"@id\":\"https:\\\/\\\/www.travelreport.se\\\/#website\",\"url\":\"https:\\\/\\\/www.travelreport.se\\\/\",\"name\":\"Travel Report\",\"description\":\"Senaste nyheterna inom Resebranschen\",\"publisher\":{\"@id\":\"https:\\\/\\\/www.travelreport.se\\\/#organization\"},\"potentialAction\":[{\"@type\":\"SearchAction\",\"target\":{\"@type\":\"EntryPoint\",\"urlTemplate\":\"https:\\\/\\\/www.travelreport.se\\\/?s={search_term_string}\"},\"query-input\":{\"@type\":\"PropertyValueSpecification\",\"valueRequired\":true,\"valueName\":\"search_term_string\"}}],\"inLanguage\":\"en-GB\"},{\"@type\":\"Organization\",\"@id\":\"https:\\\/\\\/www.travelreport.se\\\/#organization\",\"name\":\"Travel Report\",\"url\":\"https:\\\/\\\/www.travelreport.se\\\/\",\"logo\":{\"@type\":\"ImageObject\",\"inLanguage\":\"en-GB\",\"@id\":\"https:\\\/\\\/www.travelreport.se\\\/#\\\/schema\\\/logo\\\/image\\\/\",\"url\":\"https:\\\/\\\/www.travelreport.se\\\/wp-content\\\/uploads\\\/2024\\\/01\\\/TravelReport-seo.jpeg\",\"contentUrl\":\"https:\\\/\\\/www.travelreport.se\\\/wp-content\\\/uploads\\\/2024\\\/01\\\/TravelReport-seo.jpeg\",\"width\":1200,\"height\":676,\"caption\":\"Travel Report\"},\"image\":{\"@id\":\"https:\\\/\\\/www.travelreport.se\\\/#\\\/schema\\\/logo\\\/image\\\/\"},\"sameAs\":[\"https:\\\/\\\/www.facebook.com\\\/inrikes\",\"https:\\\/\\\/www.instagram.com\\\/inrikes_magasin\\\/\"]},{\"@type\":\"Person\",\"@id\":\"https:\\\/\\\/www.travelreport.se\\\/#\\\/schema\\\/person\\\/6dae45163e775712127e85c446984260\",\"name\":\"Redaktion\"}]}<\/script>\n<!-- \/ Yoast SEO plugin. -->","yoast_head_json":{"title":"Berlin airport evacuated \u2013 alarm about toxic substance \u2013 Travel Report","description":"Berlin airport evacuated - alarm about toxic substance - Read the latest news from the travel industry at Travel Report.","robots":{"index":"index","follow":"follow","max-snippet":"max-snippet:-1","max-image-preview":"max-image-preview:large","max-video-preview":"max-video-preview:-1"},"canonical":"https:\/\/www.travelreport.se\/en\/berlin-airport-evacuated-after-toxic-substance-alert\/","og_locale":"en_GB","og_type":"article","og_title":"Flygplats i Berlin evakuerad \u2013 larm om giftigt \u00e4mne &#8211; Travel Report","og_description":"Flygplats i Berlin evakuerad \u2013 larm om giftigt \u00e4mne \u2013 L\u00e4s senaste nyheterna fr\u00e5n resebranschen p\u00e5 Travel Report.","og_url":"https:\/\/www.travelreport.se\/en\/berlin-airport-evacuated-after-toxic-substance-alert\/","og_site_name":"Travel Report","article_publisher":"https:\/\/www.facebook.com\/inrikes","article_published_time":"2026-09-04T04:38:26+00:00","article_modified_time":"2026-09-04T13:01:57+00:00","og_image":[{"width":732,"height":488,"url":"https:\/\/www.travelreport.se\/wp-content\/uploads\/2026\/09\/ber.berlin-airport.de-1.jpg","type":"image\/jpeg"}],"author":"Redaktion","twitter_card":"summary_large_image","twitter_misc":{"Written by":"Redaktion","Estimated reading time":"1 minute"},"schema":{"@context":"https:\/\/schema.org","@graph":[{"@type":"Article","@id":"https:\/\/www.travelreport.se\/flygplats-i-berlin-evakuerad-larm-om-giftigt-amne\/#article","isPartOf":{"@id":"https:\/\/www.travelreport.se\/flygplats-i-berlin-evakuerad-larm-om-giftigt-amne\/"},"author":{"name":"Redaktion","@id":"https:\/\/www.travelreport.se\/#\/schema\/person\/6dae45163e775712127e85c446984260"},"headline":"Flygplats i Berlin evakuerad \u2013 larm om giftigt \u00e4mne","datePublished":"2026-09-04T04:38:26+00:00","dateModified":"2026-09-04T13:01:57+00:00","mainEntityOfPage":{"@id":"https:\/\/www.travelreport.se\/flygplats-i-berlin-evakuerad-larm-om-giftigt-amne\/"},"wordCount":135,"publisher":{"@id":"https:\/\/www.travelreport.se\/#organization"},"image":{"@id":"https:\/\/www.travelreport.se\/flygplats-i-berlin-evakuerad-larm-om-giftigt-amne\/#primaryimage"},"thumbnailUrl":"https:\/\/www.travelreport.se\/wp-content\/uploads\/2026\/09\/ber.berlin-airport.de-1.jpg","keywords":["berlin","evakuering","fkygplats","flyg","Flygplats","flygplatsincident","flygtrafik","f\u00f6rseningar","giftigt \u00e4mne","kemikalielarm","reseinformation","resen\u00e4rer","s\u00e4kerhet","s\u00e4kerhetslarm","Travel Report","Tyskland"],"articleSection":["Flygplatser"],"inLanguage":"en-GB"},{"@type":"WebPage","@id":"https:\/\/www.travelreport.se\/flygplats-i-berlin-evakuerad-larm-om-giftigt-amne\/","url":"https:\/\/www.travelreport.se\/flygplats-i-berlin-evakuerad-larm-om-giftigt-amne\/","name":"Berlin airport evacuated \u2013 alarm about toxic substance \u2013 Travel Report","isPartOf":{"@id":"https:\/\/www.travelreport.se\/#website"},"primaryImageOfPage":{"@id":"https:\/\/www.travelreport.se\/flygplats-i-berlin-evakuerad-larm-om-giftigt-amne\/#primaryimage"},"image":{"@id":"https:\/\/www.travelreport.se\/flygplats-i-berlin-evakuerad-larm-om-giftigt-amne\/#primaryimage"},"thumbnailUrl":"https:\/\/www.travelreport.se\/wp-content\/uploads\/2026\/09\/ber.berlin-airport.de-1.jpg","datePublished":"2026-09-04T04:38:26+00:00","dateModified":"2026-09-04T13:01:57+00:00","description":"Berlin airport evacuated - alarm about toxic substance - Read the latest news from the travel industry at Travel Report.","breadcrumb":{"@id":"https:\/\/www.travelreport.se\/flygplats-i-berlin-evakuerad-larm-om-giftigt-amne\/#breadcrumb"},"inLanguage":"en-GB","potentialAction":[{"@type":"ReadAction","target":["https:\/\/www.travelreport.se\/flygplats-i-berlin-evakuerad-larm-om-giftigt-amne\/"]}]},{"@type":"ImageObject","inLanguage":"en-GB","@id":"https:\/\/www.travelreport.se\/flygplats-i-berlin-evakuerad-larm-om-giftigt-amne\/#primaryimage","url":"https:\/\/www.travelreport.se\/wp-content\/uploads\/2026\/09\/ber.berlin-airport.de-1.jpg","contentUrl":"https:\/\/www.travelreport.se\/wp-content\/uploads\/2026\/09\/ber.berlin-airport.de-1.jpg","width":732,"height":488,"caption":"Foto:ber.berlin-airport.de"},{"@type":"BreadcrumbList","@id":"https:\/\/www.travelreport.se\/flygplats-i-berlin-evakuerad-larm-om-giftigt-amne\/#breadcrumb","itemListElement":[{"@type":"ListItem","position":1,"name":"Flygplatser","item":"https:\/\/www.travelreport.se\/en\/category\/airports-industry\/"},{"@type":"ListItem","position":2,"name":"Flygplats i Berlin evakuerad \u2013 larm om giftigt \u00e4mne"}]},{"@type":"WebSite","@id":"https:\/\/www.travelreport.se\/#website","url":"https:\/\/www.travelreport.se\/","name":"Travel Report","description":"Latest travel industry news","publisher":{"@id":"https:\/\/www.travelreport.se\/#organization"},"potentialAction":[{"@type":"SearchAction","target":{"@type":"EntryPoint","urlTemplate":"https:\/\/www.travelreport.se\/?s={search_term_string}"},"query-input":{"@type":"PropertyValueSpecification","valueRequired":true,"valueName":"search_term_string"}}],"inLanguage":"en-GB"},{"@type":"Organization","@id":"https:\/\/www.travelreport.se\/#organization","name":"Travel Report","url":"https:\/\/www.travelreport.se\/","logo":{"@type":"ImageObject","inLanguage":"en-GB","@id":"https:\/\/www.travelreport.se\/#\/schema\/logo\/image\/","url":"https:\/\/www.travelreport.se\/wp-content\/uploads\/2024\/01\/TravelReport-seo.jpeg","contentUrl":"https:\/\/www.travelreport.se\/wp-content\/uploads\/2024\/01\/TravelReport-seo.jpeg","width":1200,"height":676,"caption":"Travel Report"},"image":{"@id":"https:\/\/www.travelreport.se\/#\/schema\/logo\/image\/"},"sameAs":["https:\/\/www.facebook.com\/inrikes","https:\/\/www.instagram.com\/inrikes_magasin\/"]},{"@type":"Person","@id":"https:\/\/www.travelreport.se\/#\/schema\/person\/6dae45163e775712127e85c446984260","name":"Editorial department"}]}},"views":18,"_links":{"self":[{"href":"https:\/\/www.travelreport.se\/en\/wp-json\/wp\/v2\/posts\/304936","targetHints":{"allow":["GET"]}}],"collection":[{"href":"https:\/\/www.travelreport.se\/en\/wp-json\/wp\/v2\/posts"}],"about":[{"href":"https:\/\/www.travelreport.se\/en\/wp-json\/wp\/v2\/types\/post"}],"author":[{"embeddable":true,"href":"https:\/\/www.travelreport.se\/en\/wp-json\/wp\/v2\/users\/25"}],"replies":[{"embeddable":true,"href":"https:\/\/www.travelreport.se\/en\/wp-json\/wp\/v2\/comments?post=304936"}],"version-history":[{"count":1,"href":"https:\/\/www.travelreport.se\/en\/wp-json\/wp\/v2\/posts\/304936\/revisions"}],"predecessor-version":[{"id":304940,"href":"https:\/\/www.travelreport.se\/en\/wp-json\/wp\/v2\/posts\/304936\/revisions\/304940"}],"wp:featuredmedia":[{"embeddable":true,"href":"https:\/\/www.travelreport.se\/en\/wp-json\/wp\/v2\/media\/304938"}],"wp:attachment":[{"href":"https:\/\/www.travelreport.se\/en\/wp-json\/wp\/v2\/media?parent=304936"}],"wp:term":[{"taxonomy":"category","embeddable":true,"href":"https:\/\/www.travelreport.se\/en\/wp-json\/wp\/v2\/categories?post=304936"},{"taxonomy":"post_tag","embeddable":true,"href":"https:\/\/www.travelreport.se\/en\/wp-json\/wp\/v2\/tags?post=304936"}],"curies":[{"name":"wp","href":"https:\/\/api.w.org\/{rel}","templated":true}]}}