{"id":304941,"date":"2026-09-04T08:33:03","date_gmt":"2026-09-04T06:33:03","guid":{"rendered":"https:\/\/www.travelreport.se\/?p=304941"},"modified":"2026-09-04T08:36:14","modified_gmt":"2026-09-04T06:36:14","slug":"norwegian-increased-traffic-in-august-29-million-passengers-in-the-group","status":"publish","type":"post","link":"https:\/\/www.travelreport.se\/en\/norwegian-okade-trafiken-i-augusti-29-miljoner-resenarer-i-koncernen\/","title":{"rendered":"Norwegian increased traffic in August \u2013 2.9 million passengers in the group"},"content":{"rendered":"<p class=\"wp-block-paragraph\">The Norwegian Group had 2.9 million passengers in August, of which 2.5 million travelled with Norwegian and 359,000 with Wider\u00f8e. Norwegian increased both capacity and traffic compared to last year, while an air traffic controller strike in Norway affected over 20,000 passengers.<\/p>\n\n\n\n<p class=\"wp-block-paragraph\">Norwegian&#039;s capacity increased by 3 percent compared to August last year to 4.1 billion seat kilometers. Actual passenger traffic rose by 4 percent to 3.55 billion passenger kilometers.<\/p>\n\n\n\n<p class=\"wp-block-paragraph\">This meant that the cabin factor increased by 0.4 percentage points to 86.3 percent.<\/p>\n\n\n\n<p class=\"wp-block-paragraph\">\u2013 August was a month with good demand and good operational performance. I am very pleased that we had both increased capacity and a higher load factor compared to the same month last year, says CEO Geir Karlsen.<\/p>\n\n\n\n<h4 class=\"wp-block-heading\">Strike affected over 20,000 travelers<\/h4>\n\n\n\n<p class=\"wp-block-paragraph\">Norwegian operated 98.9 percent of its scheduled flights in August. Punctuality, measured as departures within 15 minutes of schedule, was 80.8 percent.<\/p>\n\n\n\n<p class=\"wp-block-paragraph\">The figures were affected by the air traffic controller strike in Norway at the end of the month, which led to cancelled and delayed flights for over 20,000 passengers.<\/p>\n\n\n\n<p class=\"wp-block-paragraph\">If the strike-related cancellations are excluded, the regularity according to Norwegian was 99.6 percent.<\/p>\n\n\n\n<p class=\"wp-block-paragraph\">The airline had an average of 94 aircraft in service during the month.<\/p>\n\n\n\n<h4 class=\"wp-block-heading\">Wider\u00f8e had 93 percent punctuality<\/h4>\n\n\n\n<p class=\"wp-block-paragraph\">Wider\u00f8e had 359,000 passengers in August. Capacity increased by 2 percent while passenger traffic was unchanged compared to last year.<\/p>\n\n\n\n<p class=\"wp-block-paragraph\">The cabin factor fell by 1.8 percentage points to 75.8 percent. Regularity was 97.4 percent and punctuality was 93.3 percent.<\/p>\n\n\n\n<p class=\"wp-block-paragraph\">Norwegian also states that the booking situation for the autumn remains strong, with particularly high demand around the school autumn holidays.<\/p>\n\n\n\n<p class=\"wp-block-paragraph\">The group enters the fall at the same time that the loyalty program Norwegian Reward has surpassed ten million members.<\/p>\n\n\n\n<p class=\"wp-block-paragraph\"><\/p>","protected":false},"excerpt":{"rendered":"<p>Norwegian-koncernen hade 2,9 miljoner passagerare i augusti, varav 2,5 miljoner reste med Norwegian och 359 000 med Wider\u00f8e. Norwegian \u00f6kade b\u00e5de kapaciteten och trafiken j\u00e4mf\u00f6rt med f\u00f6rra \u00e5ret, samtidigt som en flygledarstrejk i Norge p\u00e5verkade \u00f6ver 20 000 resen\u00e4rer. Norwegians kapacitet \u00f6kade med 3 procent j\u00e4mf\u00f6rt med augusti f\u00f6rra \u00e5ret till 4,1 miljarder s\u00e4teskilometer. Den [&hellip;]<\/p>\n","protected":false},"author":25,"featured_media":297976,"comment_status":"closed","ping_status":"closed","sticky":false,"template":"","format":"standard","meta":{"_acf_changed":false,"footnotes":""},"categories":[179],"tags":[8622,9644,9281,195,212,2977,1372,291,8621,354,117,420,6460,9671,7785,3295],"class_list":["post-304941","post","type-post","status-publish","format-standard","has-post-thumbnail","hentry","category-flyg","tag-8622","tag-9-miljoner-resenarer","tag-augusti","tag-tag-flyg","tag-flygbolag-travelguiden","tag-flygbranschen","tag-flygtrafik","tag-norwegian","tag-norwegian-koncernen","tag-passagerare","tag-resa","tag-resenarer","tag-trafikstatistik","tag-trafiktillvaxt","tag-travel-report","tag-widere"],"acf":[],"yoast_head":"<!-- This site is optimized with the Yoast SEO plugin v28.4 - https:\/\/yoast.com\/product\/yoast-seo-wordpress\/ -->\n<title>Norwegian \u00f6kade trafiken i augusti \u2013 2,9 miljoner resen\u00e4rer i koncernen &#8211; Travel Report<\/title>\n<meta name=\"description\" content=\"Norwegian \u00f6kade trafiken i augusti \u2013 2,9 miljoner resen\u00e4rer i koncernen \u2013 L\u00e4s senaste nyheterna fr\u00e5n resebranschen p\u00e5 Travel Report.\" \/>\n<meta name=\"robots\" content=\"index, follow, max-snippet:-1, max-image-preview:large, max-video-preview:-1\" \/>\n<link rel=\"canonical\" href=\"https:\/\/www.travelreport.se\/en\/norwegian-increased-traffic-in-august-29-million-passengers-in-the-group\/\" \/>\n<meta property=\"og:locale\" content=\"en_GB\" \/>\n<meta property=\"og:type\" content=\"article\" \/>\n<meta property=\"og:title\" content=\"Norwegian \u00f6kade trafiken i augusti \u2013 2,9 miljoner resen\u00e4rer i koncernen &#8211; Travel Report\" \/>\n<meta property=\"og:description\" content=\"Norwegian \u00f6kade trafiken i augusti \u2013 2,9 miljoner resen\u00e4rer i koncernen \u2013 L\u00e4s senaste nyheterna fr\u00e5n resebranschen p\u00e5 Travel Report.\" \/>\n<meta property=\"og:url\" content=\"https:\/\/www.travelreport.se\/en\/norwegian-increased-traffic-in-august-29-million-passengers-in-the-group\/\" \/>\n<meta property=\"og:site_name\" content=\"Travel Report\" \/>\n<meta property=\"article:publisher\" content=\"https:\/\/www.facebook.com\/inrikes\" \/>\n<meta property=\"article:published_time\" content=\"2026-09-04T06:33:03+00:00\" \/>\n<meta property=\"article:modified_time\" content=\"2026-09-04T06:36:14+00:00\" \/>\n<meta property=\"og:image\" content=\"https:\/\/www.travelreport.se\/wp-content\/uploads\/2024\/10\/Norwegian-737-max.jpg\" \/>\n\t<meta property=\"og:image:width\" content=\"844\" \/>\n\t<meta property=\"og:image:height\" content=\"562\" \/>\n\t<meta property=\"og:image:type\" content=\"image\/jpeg\" \/>\n<meta name=\"author\" content=\"Redaktion\" \/>\n<meta name=\"twitter:card\" content=\"summary_large_image\" \/>\n<meta name=\"twitter:label1\" content=\"Written by\" \/>\n\t<meta name=\"twitter:data1\" content=\"Redaktion\" \/>\n\t<meta name=\"twitter:label2\" content=\"Estimated reading time\" \/>\n\t<meta name=\"twitter:data2\" content=\"2 minutes\" \/>\n<script type=\"application\/ld+json\" class=\"yoast-schema-graph\">{\"@context\":\"https:\\\/\\\/schema.org\",\"@graph\":[{\"@type\":\"Article\",\"@id\":\"https:\\\/\\\/www.travelreport.se\\\/norwegian-okade-trafiken-i-augusti-29-miljoner-resenarer-i-koncernen\\\/#article\",\"isPartOf\":{\"@id\":\"https:\\\/\\\/www.travelreport.se\\\/norwegian-okade-trafiken-i-augusti-29-miljoner-resenarer-i-koncernen\\\/\"},\"author\":{\"name\":\"Redaktion\",\"@id\":\"https:\\\/\\\/www.travelreport.se\\\/#\\\/schema\\\/person\\\/6dae45163e775712127e85c446984260\"},\"headline\":\"Norwegian \u00f6kade trafiken i augusti \u2013 2,9 miljoner resen\u00e4rer i koncernen\",\"datePublished\":\"2026-09-04T06:33:03+00:00\",\"dateModified\":\"2026-09-04T06:36:14+00:00\",\"mainEntityOfPage\":{\"@id\":\"https:\\\/\\\/www.travelreport.se\\\/norwegian-okade-trafiken-i-augusti-29-miljoner-resenarer-i-koncernen\\\/\"},\"wordCount\":292,\"publisher\":{\"@id\":\"https:\\\/\\\/www.travelreport.se\\\/#organization\"},\"image\":{\"@id\":\"https:\\\/\\\/www.travelreport.se\\\/norwegian-okade-trafiken-i-augusti-29-miljoner-resenarer-i-koncernen\\\/#primaryimage\"},\"thumbnailUrl\":\"https:\\\/\\\/www.travelreport.se\\\/wp-content\\\/uploads\\\/2024\\\/10\\\/Norwegian-737-max.jpg\",\"keywords\":[\"2\",\"9 miljoner resen\u00e4rer\",\"augusti\",\"Flyg\",\"Flygbolag\",\"flygbranschen\",\"flygtrafik\",\"Norwegian\",\"Norwegian-koncernen\",\"passagerare\",\"resa\",\"resen\u00e4rer\",\"trafikstatistik\",\"trafiktillv\u00e4xt\",\"Travel Report\",\"Wider\u00f8e\"],\"articleSection\":[\"Flyg\"],\"inLanguage\":\"en-GB\"},{\"@type\":\"WebPage\",\"@id\":\"https:\\\/\\\/www.travelreport.se\\\/norwegian-okade-trafiken-i-augusti-29-miljoner-resenarer-i-koncernen\\\/\",\"url\":\"https:\\\/\\\/www.travelreport.se\\\/norwegian-okade-trafiken-i-augusti-29-miljoner-resenarer-i-koncernen\\\/\",\"name\":\"Norwegian \u00f6kade trafiken i augusti \u2013 2,9 miljoner resen\u00e4rer i koncernen &#8211; Travel Report\",\"isPartOf\":{\"@id\":\"https:\\\/\\\/www.travelreport.se\\\/#website\"},\"primaryImageOfPage\":{\"@id\":\"https:\\\/\\\/www.travelreport.se\\\/norwegian-okade-trafiken-i-augusti-29-miljoner-resenarer-i-koncernen\\\/#primaryimage\"},\"image\":{\"@id\":\"https:\\\/\\\/www.travelreport.se\\\/norwegian-okade-trafiken-i-augusti-29-miljoner-resenarer-i-koncernen\\\/#primaryimage\"},\"thumbnailUrl\":\"https:\\\/\\\/www.travelreport.se\\\/wp-content\\\/uploads\\\/2024\\\/10\\\/Norwegian-737-max.jpg\",\"datePublished\":\"2026-09-04T06:33:03+00:00\",\"dateModified\":\"2026-09-04T06:36:14+00:00\",\"description\":\"Norwegian \u00f6kade trafiken i augusti \u2013 2,9 miljoner resen\u00e4rer i koncernen \u2013 L\u00e4s senaste nyheterna fr\u00e5n resebranschen p\u00e5 Travel Report.\",\"breadcrumb\":{\"@id\":\"https:\\\/\\\/www.travelreport.se\\\/norwegian-okade-trafiken-i-augusti-29-miljoner-resenarer-i-koncernen\\\/#breadcrumb\"},\"inLanguage\":\"en-GB\",\"potentialAction\":[{\"@type\":\"ReadAction\",\"target\":[\"https:\\\/\\\/www.travelreport.se\\\/norwegian-okade-trafiken-i-augusti-29-miljoner-resenarer-i-koncernen\\\/\"]}]},{\"@type\":\"ImageObject\",\"inLanguage\":\"en-GB\",\"@id\":\"https:\\\/\\\/www.travelreport.se\\\/norwegian-okade-trafiken-i-augusti-29-miljoner-resenarer-i-koncernen\\\/#primaryimage\",\"url\":\"https:\\\/\\\/www.travelreport.se\\\/wp-content\\\/uploads\\\/2024\\\/10\\\/Norwegian-737-max.jpg\",\"contentUrl\":\"https:\\\/\\\/www.travelreport.se\\\/wp-content\\\/uploads\\\/2024\\\/10\\\/Norwegian-737-max.jpg\",\"width\":844,\"height\":562,\"caption\":\"Foto: Norwegian\"},{\"@type\":\"BreadcrumbList\",\"@id\":\"https:\\\/\\\/www.travelreport.se\\\/norwegian-okade-trafiken-i-augusti-29-miljoner-resenarer-i-koncernen\\\/#breadcrumb\",\"itemListElement\":[{\"@type\":\"ListItem\",\"position\":1,\"name\":\"Flyg\",\"item\":\"https:\\\/\\\/www.travelreport.se\\\/kategori\\\/flyg\\\/\"},{\"@type\":\"ListItem\",\"position\":2,\"name\":\"Norwegian \u00f6kade trafiken i augusti \u2013 2,9 miljoner resen\u00e4rer i koncernen\"}]},{\"@type\":\"WebSite\",\"@id\":\"https:\\\/\\\/www.travelreport.se\\\/#website\",\"url\":\"https:\\\/\\\/www.travelreport.se\\\/\",\"name\":\"Travel Report\",\"description\":\"Senaste nyheterna inom Resebranschen\",\"publisher\":{\"@id\":\"https:\\\/\\\/www.travelreport.se\\\/#organization\"},\"potentialAction\":[{\"@type\":\"SearchAction\",\"target\":{\"@type\":\"EntryPoint\",\"urlTemplate\":\"https:\\\/\\\/www.travelreport.se\\\/?s={search_term_string}\"},\"query-input\":{\"@type\":\"PropertyValueSpecification\",\"valueRequired\":true,\"valueName\":\"search_term_string\"}}],\"inLanguage\":\"en-GB\"},{\"@type\":\"Organization\",\"@id\":\"https:\\\/\\\/www.travelreport.se\\\/#organization\",\"name\":\"Travel Report\",\"url\":\"https:\\\/\\\/www.travelreport.se\\\/\",\"logo\":{\"@type\":\"ImageObject\",\"inLanguage\":\"en-GB\",\"@id\":\"https:\\\/\\\/www.travelreport.se\\\/#\\\/schema\\\/logo\\\/image\\\/\",\"url\":\"https:\\\/\\\/www.travelreport.se\\\/wp-content\\\/uploads\\\/2024\\\/01\\\/TravelReport-seo.jpeg\",\"contentUrl\":\"https:\\\/\\\/www.travelreport.se\\\/wp-content\\\/uploads\\\/2024\\\/01\\\/TravelReport-seo.jpeg\",\"width\":1200,\"height\":676,\"caption\":\"Travel Report\"},\"image\":{\"@id\":\"https:\\\/\\\/www.travelreport.se\\\/#\\\/schema\\\/logo\\\/image\\\/\"},\"sameAs\":[\"https:\\\/\\\/www.facebook.com\\\/inrikes\",\"https:\\\/\\\/www.instagram.com\\\/inrikes_magasin\\\/\"]},{\"@type\":\"Person\",\"@id\":\"https:\\\/\\\/www.travelreport.se\\\/#\\\/schema\\\/person\\\/6dae45163e775712127e85c446984260\",\"name\":\"Redaktion\"}]}<\/script>\n<!-- \/ Yoast SEO plugin. -->","yoast_head_json":{"title":"Norwegian \u00f6kade trafiken i augusti \u2013 2,9 miljoner resen\u00e4rer i koncernen &#8211; Travel Report","description":"Norwegian \u00f6kade trafiken i augusti \u2013 2,9 miljoner resen\u00e4rer i koncernen \u2013 L\u00e4s senaste nyheterna fr\u00e5n resebranschen p\u00e5 Travel Report.","robots":{"index":"index","follow":"follow","max-snippet":"max-snippet:-1","max-image-preview":"max-image-preview:large","max-video-preview":"max-video-preview:-1"},"canonical":"https:\/\/www.travelreport.se\/en\/norwegian-increased-traffic-in-august-29-million-passengers-in-the-group\/","og_locale":"en_GB","og_type":"article","og_title":"Norwegian \u00f6kade trafiken i augusti \u2013 2,9 miljoner resen\u00e4rer i koncernen &#8211; Travel Report","og_description":"Norwegian \u00f6kade trafiken i augusti \u2013 2,9 miljoner resen\u00e4rer i koncernen \u2013 L\u00e4s senaste nyheterna fr\u00e5n resebranschen p\u00e5 Travel Report.","og_url":"https:\/\/www.travelreport.se\/en\/norwegian-increased-traffic-in-august-29-million-passengers-in-the-group\/","og_site_name":"Travel Report","article_publisher":"https:\/\/www.facebook.com\/inrikes","article_published_time":"2026-09-04T06:33:03+00:00","article_modified_time":"2026-09-04T06:36:14+00:00","og_image":[{"width":844,"height":562,"url":"https:\/\/www.travelreport.se\/wp-content\/uploads\/2024\/10\/Norwegian-737-max.jpg","type":"image\/jpeg"}],"author":"Redaktion","twitter_card":"summary_large_image","twitter_misc":{"Written by":"Redaktion","Estimated reading time":"2 minutes"},"schema":{"@context":"https:\/\/schema.org","@graph":[{"@type":"Article","@id":"https:\/\/www.travelreport.se\/norwegian-okade-trafiken-i-augusti-29-miljoner-resenarer-i-koncernen\/#article","isPartOf":{"@id":"https:\/\/www.travelreport.se\/norwegian-okade-trafiken-i-augusti-29-miljoner-resenarer-i-koncernen\/"},"author":{"name":"Redaktion","@id":"https:\/\/www.travelreport.se\/#\/schema\/person\/6dae45163e775712127e85c446984260"},"headline":"Norwegian \u00f6kade trafiken i augusti \u2013 2,9 miljoner resen\u00e4rer i koncernen","datePublished":"2026-09-04T06:33:03+00:00","dateModified":"2026-09-04T06:36:14+00:00","mainEntityOfPage":{"@id":"https:\/\/www.travelreport.se\/norwegian-okade-trafiken-i-augusti-29-miljoner-resenarer-i-koncernen\/"},"wordCount":292,"publisher":{"@id":"https:\/\/www.travelreport.se\/#organization"},"image":{"@id":"https:\/\/www.travelreport.se\/norwegian-okade-trafiken-i-augusti-29-miljoner-resenarer-i-koncernen\/#primaryimage"},"thumbnailUrl":"https:\/\/www.travelreport.se\/wp-content\/uploads\/2024\/10\/Norwegian-737-max.jpg","keywords":["2","9 miljoner resen\u00e4rer","augusti","Flyg","Flygbolag","flygbranschen","flygtrafik","Norwegian","Norwegian-koncernen","passagerare","resa","resen\u00e4rer","trafikstatistik","trafiktillv\u00e4xt","Travel Report","Wider\u00f8e"],"articleSection":["Flyg"],"inLanguage":"en-GB"},{"@type":"WebPage","@id":"https:\/\/www.travelreport.se\/norwegian-okade-trafiken-i-augusti-29-miljoner-resenarer-i-koncernen\/","url":"https:\/\/www.travelreport.se\/norwegian-okade-trafiken-i-augusti-29-miljoner-resenarer-i-koncernen\/","name":"Norwegian \u00f6kade trafiken i augusti \u2013 2,9 miljoner resen\u00e4rer i koncernen &#8211; Travel Report","isPartOf":{"@id":"https:\/\/www.travelreport.se\/#website"},"primaryImageOfPage":{"@id":"https:\/\/www.travelreport.se\/norwegian-okade-trafiken-i-augusti-29-miljoner-resenarer-i-koncernen\/#primaryimage"},"image":{"@id":"https:\/\/www.travelreport.se\/norwegian-okade-trafiken-i-augusti-29-miljoner-resenarer-i-koncernen\/#primaryimage"},"thumbnailUrl":"https:\/\/www.travelreport.se\/wp-content\/uploads\/2024\/10\/Norwegian-737-max.jpg","datePublished":"2026-09-04T06:33:03+00:00","dateModified":"2026-09-04T06:36:14+00:00","description":"Norwegian \u00f6kade trafiken i augusti \u2013 2,9 miljoner resen\u00e4rer i koncernen \u2013 L\u00e4s senaste nyheterna fr\u00e5n resebranschen p\u00e5 Travel Report.","breadcrumb":{"@id":"https:\/\/www.travelreport.se\/norwegian-okade-trafiken-i-augusti-29-miljoner-resenarer-i-koncernen\/#breadcrumb"},"inLanguage":"en-GB","potentialAction":[{"@type":"ReadAction","target":["https:\/\/www.travelreport.se\/norwegian-okade-trafiken-i-augusti-29-miljoner-resenarer-i-koncernen\/"]}]},{"@type":"ImageObject","inLanguage":"en-GB","@id":"https:\/\/www.travelreport.se\/norwegian-okade-trafiken-i-augusti-29-miljoner-resenarer-i-koncernen\/#primaryimage","url":"https:\/\/www.travelreport.se\/wp-content\/uploads\/2024\/10\/Norwegian-737-max.jpg","contentUrl":"https:\/\/www.travelreport.se\/wp-content\/uploads\/2024\/10\/Norwegian-737-max.jpg","width":844,"height":562,"caption":"Foto: Norwegian"},{"@type":"BreadcrumbList","@id":"https:\/\/www.travelreport.se\/norwegian-okade-trafiken-i-augusti-29-miljoner-resenarer-i-koncernen\/#breadcrumb","itemListElement":[{"@type":"ListItem","position":1,"name":"Flyg","item":"https:\/\/www.travelreport.se\/kategori\/flyg\/"},{"@type":"ListItem","position":2,"name":"Norwegian \u00f6kade trafiken i augusti \u2013 2,9 miljoner resen\u00e4rer i koncernen"}]},{"@type":"WebSite","@id":"https:\/\/www.travelreport.se\/#website","url":"https:\/\/www.travelreport.se\/","name":"Travel Report","description":"Latest travel industry news","publisher":{"@id":"https:\/\/www.travelreport.se\/#organization"},"potentialAction":[{"@type":"SearchAction","target":{"@type":"EntryPoint","urlTemplate":"https:\/\/www.travelreport.se\/?s={search_term_string}"},"query-input":{"@type":"PropertyValueSpecification","valueRequired":true,"valueName":"search_term_string"}}],"inLanguage":"en-GB"},{"@type":"Organization","@id":"https:\/\/www.travelreport.se\/#organization","name":"Travel Report","url":"https:\/\/www.travelreport.se\/","logo":{"@type":"ImageObject","inLanguage":"en-GB","@id":"https:\/\/www.travelreport.se\/#\/schema\/logo\/image\/","url":"https:\/\/www.travelreport.se\/wp-content\/uploads\/2024\/01\/TravelReport-seo.jpeg","contentUrl":"https:\/\/www.travelreport.se\/wp-content\/uploads\/2024\/01\/TravelReport-seo.jpeg","width":1200,"height":676,"caption":"Travel Report"},"image":{"@id":"https:\/\/www.travelreport.se\/#\/schema\/logo\/image\/"},"sameAs":["https:\/\/www.facebook.com\/inrikes","https:\/\/www.instagram.com\/inrikes_magasin\/"]},{"@type":"Person","@id":"https:\/\/www.travelreport.se\/#\/schema\/person\/6dae45163e775712127e85c446984260","name":"Editorial department"}]}},"views":4,"_links":{"self":[{"href":"https:\/\/www.travelreport.se\/en\/wp-json\/wp\/v2\/posts\/304941","targetHints":{"allow":["GET"]}}],"collection":[{"href":"https:\/\/www.travelreport.se\/en\/wp-json\/wp\/v2\/posts"}],"about":[{"href":"https:\/\/www.travelreport.se\/en\/wp-json\/wp\/v2\/types\/post"}],"author":[{"embeddable":true,"href":"https:\/\/www.travelreport.se\/en\/wp-json\/wp\/v2\/users\/25"}],"replies":[{"embeddable":true,"href":"https:\/\/www.travelreport.se\/en\/wp-json\/wp\/v2\/comments?post=304941"}],"version-history":[{"count":1,"href":"https:\/\/www.travelreport.se\/en\/wp-json\/wp\/v2\/posts\/304941\/revisions"}],"predecessor-version":[{"id":304942,"href":"https:\/\/www.travelreport.se\/en\/wp-json\/wp\/v2\/posts\/304941\/revisions\/304942"}],"wp:featuredmedia":[{"embeddable":true,"href":"https:\/\/www.travelreport.se\/en\/wp-json\/wp\/v2\/media\/297976"}],"wp:attachment":[{"href":"https:\/\/www.travelreport.se\/en\/wp-json\/wp\/v2\/media?parent=304941"}],"wp:term":[{"taxonomy":"category","embeddable":true,"href":"https:\/\/www.travelreport.se\/en\/wp-json\/wp\/v2\/categories?post=304941"},{"taxonomy":"post_tag","embeddable":true,"href":"https:\/\/www.travelreport.se\/en\/wp-json\/wp\/v2\/tags?post=304941"}],"curies":[{"name":"wp","href":"https:\/\/api.w.org\/{rel}","templated":true}]}}